{"id":36149,"date":"2024-12-09T02:38:53","date_gmt":"2024-12-09T01:38:53","guid":{"rendered":"https:\/\/www.lintelligentdabidjan.info\/news\/?p=36149"},"modified":"2024-12-09T02:39:04","modified_gmt":"2024-12-09T01:39:04","slug":"syndicat-des-informaticiens-du-secteur-public-pas-de-nouveau-secretaire-general-avant-45-jours","status":"publish","type":"post","link":"https:\/\/www.lintelligentdabidjan.info\/news\/syndicat-des-informaticiens-du-secteur-public-pas-de-nouveau-secretaire-general-avant-45-jours\/","title":{"rendered":"Syndicat des informaticiens du secteur public :  Pas de nouveau secr\u00e9taire g\u00e9n\u00e9ral avant 45 jours"},"content":{"rendered":"<p><em><strong>Le nouveau secr\u00e9taire g\u00e9n\u00e9ral du Syndicat national des informaticiens du secteur public de C\u00f4te d\u2019Ivoire (SYNINFCI) ne sera pas d\u00e9sign\u00e9 avant 45 jours. Cette d\u00e9cision a \u00e9t\u00e9 prise lors d\u2019un congr\u00e8s extraordinaire tenu le samedi 7 d\u00e9cembre 2024 \u00e0 Abidjan-Plateau.<\/strong><\/em><\/p>\n<p><strong>Report du congr\u00e8s faute de quorum<\/strong><\/p>\n<p>Les membres du SYNINFCI s\u2019\u00e9taient r\u00e9unis pour \u00e9lire leur nouveau secr\u00e9taire g\u00e9n\u00e9ral, mais le quorum n\u00e9cessaire n\u2019ayant pas \u00e9t\u00e9 atteint, l\u2019\u00e9lection a \u00e9t\u00e9 report\u00e9e. Environ 400 d\u00e9l\u00e9gu\u00e9s, repr\u00e9sentant toutes les sections du syndicat \u00e0 travers le territoire national, \u00e9taient attendus. Cependant, seuls 191 membres \u00e9taient pr\u00e9sents, alors que 250 \u00e9taient requis pour la tenue l\u00e9gale du congr\u00e8s.<\/p>\n<p>Le pr\u00e9sident du comit\u00e9 ad hoc, Monin Monin Marc, s\u2019est appuy\u00e9 sur les statuts du SYNINFCI pour annoncer le report :<\/p>\n<p>\u00ab L\u2019article 8 de nos Statuts et r\u00e8glements int\u00e9rieurs pr\u00e9cise que lorsque le quorum n\u2019est pas atteint, un nouveau congr\u00e8s est convoqu\u00e9 dans un d\u00e9lai de 45 jours. Cette disposition est non n\u00e9gociable. Nous allons donc nous retrouver le 25 janvier 2025 \u00bb, a-t-il d\u00e9clar\u00e9.<\/p>\n<p><strong>Contexte et candidatures enregistr\u00e9es<\/strong><\/p>\n<p>Serges Ta\u00e9, secr\u00e9taire g\u00e9n\u00e9ral du comit\u00e9 ad hoc, a expliqu\u00e9 le contexte du report. Lors du 4\u1d49 congr\u00e8s ordinaire tenu les 23 et 24 ao\u00fbt 2024, les candidats au poste de secr\u00e9taire g\u00e9n\u00e9ral n\u2019avaient pas rempli les conditions d\u2019\u00e9ligibilit\u00e9. Le bureau sortant n\u2019ayant pas obtenu de quitus, un comit\u00e9 ad hoc a \u00e9t\u00e9 mis en place pour g\u00e9rer les affaires courantes, organiser de nouvelles \u00e9lections et actualiser les textes du syndicat.<\/p>\n<p>Malgr\u00e9 les efforts du comit\u00e9 ad hoc pour mobiliser les d\u00e9l\u00e9gu\u00e9s, certains n\u2019ont pas r\u00e9pondu \u00e0 l\u2019appel. \u00ab Nous avons r\u00e9ceptionn\u00e9 cinq candidatures pour le poste de secr\u00e9taire g\u00e9n\u00e9ral, deux pour la pr\u00e9sidence du conseil syndical et deux pour le contr\u00f4le financier. Le comit\u00e9 ad hoc poursuivra ses travaux pour garantir la tenue du prochain congr\u00e8s extraordinaire, peu importe le nombre de participants \u00bb, a ajout\u00e9 Serges Ta\u00e9.<\/p>\n<p><strong>Un appel \u00e0 l\u2019unit\u00e9 syndicale<\/strong><\/p>\n<p>Le SYNINFCI, affili\u00e9 \u00e0 l\u2019Union nationale des travailleurs de C\u00f4te d\u2019Ivoire (UNATRCI), a \u00e9galement re\u00e7u le soutien du secr\u00e9taire g\u00e9n\u00e9ral Yves Kodibo, repr\u00e9sent\u00e9 par Achi \u00c9doukou, qui a plaid\u00e9 pour l\u2019unit\u00e9 entre les informaticiens du secteur public.<\/p>\n<p><strong><br \/>\nOlivier Dion<\/strong><\/p>\n","protected":false},"excerpt":{"rendered":"<p>Le nouveau secr\u00e9taire g\u00e9n\u00e9ral du Syndicat national des informaticiens du secteur public de C\u00f4te d\u2019Ivoire (SYNINFCI) ne sera pas d\u00e9sign\u00e9 avant 45 jours. Cette d\u00e9cision a \u00e9t\u00e9 prise lors d\u2019un congr\u00e8s extraordinaire tenu le samedi 7 d\u00e9cembre 2024 \u00e0 Abidjan-Plateau. Report du congr\u00e8s faute de quorum Les membres du SYNINFCI s\u2019\u00e9taient r\u00e9unis pour \u00e9lire leur [&hellip;]<\/p>\n","protected":false},"author":4,"featured_media":36150,"comment_status":"closed","ping_status":"closed","sticky":false,"template":"","format":"standard","meta":{"_monsterinsights_skip_tracking":false,"_monsterinsights_sitenote_active":false,"_monsterinsights_sitenote_note":"","_monsterinsights_sitenote_category":0,"footnotes":""},"categories":[2,3],"tags":[4382,4400],"class_list":["post-36149","post","type-post","status-publish","format-standard","has-post-thumbnail","hentry","category-featured","category-societe","tag-informaticiens","tag-syndicat"],"_links":{"self":[{"href":"https:\/\/www.lintelligentdabidjan.info\/news\/wp-json\/wp\/v2\/posts\/36149","targetHints":{"allow":["GET"]}}],"collection":[{"href":"https:\/\/www.lintelligentdabidjan.info\/news\/wp-json\/wp\/v2\/posts"}],"about":[{"href":"https:\/\/www.lintelligentdabidjan.info\/news\/wp-json\/wp\/v2\/types\/post"}],"author":[{"embeddable":true,"href":"https:\/\/www.lintelligentdabidjan.info\/news\/wp-json\/wp\/v2\/users\/4"}],"replies":[{"embeddable":true,"href":"https:\/\/www.lintelligentdabidjan.info\/news\/wp-json\/wp\/v2\/comments?post=36149"}],"version-history":[{"count":1,"href":"https:\/\/www.lintelligentdabidjan.info\/news\/wp-json\/wp\/v2\/posts\/36149\/revisions"}],"predecessor-version":[{"id":36151,"href":"https:\/\/www.lintelligentdabidjan.info\/news\/wp-json\/wp\/v2\/posts\/36149\/revisions\/36151"}],"wp:featuredmedia":[{"embeddable":true,"href":"https:\/\/www.lintelligentdabidjan.info\/news\/wp-json\/wp\/v2\/media\/36150"}],"wp:attachment":[{"href":"https:\/\/www.lintelligentdabidjan.info\/news\/wp-json\/wp\/v2\/media?parent=36149"}],"wp:term":[{"taxonomy":"category","embeddable":true,"href":"https:\/\/www.lintelligentdabidjan.info\/news\/wp-json\/wp\/v2\/categories?post=36149"},{"taxonomy":"post_tag","embeddable":true,"href":"https:\/\/www.lintelligentdabidjan.info\/news\/wp-json\/wp\/v2\/tags?post=36149"}],"curies":[{"name":"wp","href":"https:\/\/api.w.org\/{rel}","templated":true}]}}