{"id":36152,"date":"2024-12-09T02:41:54","date_gmt":"2024-12-09T01:41:54","guid":{"rendered":"https:\/\/www.lintelligentdabidjan.info\/news\/?p=36152"},"modified":"2024-12-09T02:42:01","modified_gmt":"2024-12-09T01:42:01","slug":"mena-2024-des-acteurs-pedagogiques-recoivent-dimportants-dons","status":"publish","type":"post","link":"https:\/\/www.lintelligentdabidjan.info\/news\/mena-2024-des-acteurs-pedagogiques-recoivent-dimportants-dons\/","title":{"rendered":"Mena 2024 &#8211;  Des acteurs p\u00e9dagogiques re\u00e7oivent d&#8217;importants dons"},"content":{"rendered":"<p><em><strong>La c\u00e9r\u00e9monie officielle de remise de 33 voitures et 1 093 motos aux encadreurs p\u00e9dagogiques du pr\u00e9scolaire et du primaire, ainsi qu\u2019\u00e0 des directions centrales et autres structures du Minist\u00e8re de l&#8217;\u00c9ducation nationale (Mena), a eu lieu le vendredi 6 d\u00e9cembre 2024 \u00e0 Abidjan, dans l&#8217;enceinte du Lyc\u00e9e Sainte Marie de Cocody.<\/strong><\/em><\/p>\n<p>Ces dons, selon la Ministre de l&#8217;\u00c9ducation nationale et de l&#8217;Alphab\u00e9tisation, vont contribuer \u00e0 r\u00e9duire la disparit\u00e9 entre les zones et permettront aux directions r\u00e9gionales de renforcer le pilotage d\u00e9centralis\u00e9 des r\u00e9formes et la gestion des contrats d&#8217;objectifs et de performance. \u00abCette c\u00e9r\u00e9monie de remise est un engagement concret visant \u00e0 rapprocher les conseillers p\u00e9dagogiques des enseignants qu&#8217;ils accompagnent et \u00e0 renforcer les capacit\u00e9s de supervision des directions centrales. Ce sont donc au total 133 voitures cette ann\u00e9e qui seront distribu\u00e9es, dont 100 en immatriculation. Nous en serons, en trois ans, \u00e0 322 voitures et \u00e0 1 147 motos. C&#8217;est une action essentielle pour traduire en r\u00e9alit\u00e9 les conclusions des \u00e9tats g\u00e9n\u00e9raux de l&#8217;\u00c9ducation nationale et de l&#8217;Alphab\u00e9tisation, r\u00e9alis\u00e9s sous l&#8217;impulsion du chef de l&#8217;\u00c9tat, Monsieur Alassane Ouattara. Dans ce cadre, nous avons con\u00e7u le Programme National des Premiers Apprentissages Scolaires (PNAPAS), dont la mise en \u0153uvre \u00e0 grande \u00e9chelle a d\u00e9marr\u00e9 l&#8217;an dernier. Ce programme repose sur des le\u00e7ons apprises au fil des projets pilotes et vise \u00e0 transformer la qualit\u00e9 de l&#8217;\u00e9ducation pour tous les enfants de notre ch\u00e8re C\u00f4te d&#8217;Ivoire, avec un total de 40 000 enseignants d\u00e9j\u00e0 form\u00e9s. \u00bb a soulign\u00e9  Mariatou Kon\u00e9 Ministre de l&#8217;\u00c9ducation Nationale . <\/p>\n<p>Elle a ajout\u00e9 que la C\u00f4te d&#8217;Ivoire b\u00e9n\u00e9ficie de 40 millions d&#8217;euros, soit 26 milliards 300 millions de francs CFA, de la Banque mondiale. Ces 40 millions d&#8217;euros serviront \u00e0 la construction d&#8217;une cinquantaine de coll\u00e8ges de proximit\u00e9 et \u00e0 l&#8217;extension de certains coll\u00e8ges de lyc\u00e9e du district des Lagunes. Le Professeur Mariatou Kon\u00e9 a salu\u00e9 les conseillers p\u00e9dagogiques, qui sont  selon elle, de v\u00e9ritables artisans de terrain.<\/p>\n<p>Dr Drissa Ouattara, Directeur de la P\u00e9dagogie et de la formation continue (Dpfc) , a exprim\u00e9 sa gratitude \u00e0 la Ministre de l&#8217;\u00c9ducation pour tant de sollicitude envers le personnel d&#8217;encadrement p\u00e9dagogique et pr\u00e9scolaire. \u00ab Il y a de cela moins de 2 ans, en ce m\u00eame lieu, Madame le Ministre dotait 15 antennes p\u00e9dagogiques en mat\u00e9riel roulant afin d&#8217;assurer plus d&#8217;efficacit\u00e9 \u00e0 l&#8217;encadrement p\u00e9dagogique acad\u00e9mique de proximit\u00e9 des enseignants. Aujourd&#8217;hui, vous \u00eates encore l\u00e0 pour pr\u00e9sider une autre c\u00e9r\u00e9monie de remise de mat\u00e9riel roulant aux encadreurs p\u00e9dagogiques du pr\u00e9scolaire et du primaire. Madame le Ministre, votre leadership \u00e0 la t\u00eate du Mena doit faire \u00e9cole et nous instruire au quotidien. Nous allons faire bon usage de ce pr\u00e9cieux mat\u00e9riel que vous mettez \u00e0 notre disposition et rappeler \u00e0 tous les b\u00e9n\u00e9ficiaires que ces engins sont la propri\u00e9t\u00e9 de l&#8217;\u00c9tat, \u00bb a-t-il dit.<\/p>\n<p><strong>Mamadou Ouattara avec C\u00e9cile Mobio <\/strong><\/p>\n","protected":false},"excerpt":{"rendered":"<p>La c\u00e9r\u00e9monie officielle de remise de 33 voitures et 1 093 motos aux encadreurs p\u00e9dagogiques du pr\u00e9scolaire et du primaire, ainsi qu\u2019\u00e0 des directions centrales et autres structures du Minist\u00e8re de l&#8217;\u00c9ducation nationale (Mena), a eu lieu le vendredi 6 d\u00e9cembre 2024 \u00e0 Abidjan, dans l&#8217;enceinte du Lyc\u00e9e Sainte Marie de Cocody. Ces dons, selon [&hellip;]<\/p>\n","protected":false},"author":4,"featured_media":36153,"comment_status":"closed","ping_status":"closed","sticky":false,"template":"","format":"standard","meta":{"_monsterinsights_skip_tracking":false,"_monsterinsights_sitenote_active":false,"_monsterinsights_sitenote_note":"","_monsterinsights_sitenote_category":0,"footnotes":""},"categories":[2,3],"tags":[4402,1115,4401],"class_list":["post-36152","post","type-post","status-publish","format-standard","has-post-thumbnail","hentry","category-featured","category-societe","tag-acteurs-pedagogiques","tag-dons","tag-mena-2024"],"_links":{"self":[{"href":"https:\/\/www.lintelligentdabidjan.info\/news\/wp-json\/wp\/v2\/posts\/36152","targetHints":{"allow":["GET"]}}],"collection":[{"href":"https:\/\/www.lintelligentdabidjan.info\/news\/wp-json\/wp\/v2\/posts"}],"about":[{"href":"https:\/\/www.lintelligentdabidjan.info\/news\/wp-json\/wp\/v2\/types\/post"}],"author":[{"embeddable":true,"href":"https:\/\/www.lintelligentdabidjan.info\/news\/wp-json\/wp\/v2\/users\/4"}],"replies":[{"embeddable":true,"href":"https:\/\/www.lintelligentdabidjan.info\/news\/wp-json\/wp\/v2\/comments?post=36152"}],"version-history":[{"count":1,"href":"https:\/\/www.lintelligentdabidjan.info\/news\/wp-json\/wp\/v2\/posts\/36152\/revisions"}],"predecessor-version":[{"id":36154,"href":"https:\/\/www.lintelligentdabidjan.info\/news\/wp-json\/wp\/v2\/posts\/36152\/revisions\/36154"}],"wp:featuredmedia":[{"embeddable":true,"href":"https:\/\/www.lintelligentdabidjan.info\/news\/wp-json\/wp\/v2\/media\/36153"}],"wp:attachment":[{"href":"https:\/\/www.lintelligentdabidjan.info\/news\/wp-json\/wp\/v2\/media?parent=36152"}],"wp:term":[{"taxonomy":"category","embeddable":true,"href":"https:\/\/www.lintelligentdabidjan.info\/news\/wp-json\/wp\/v2\/categories?post=36152"},{"taxonomy":"post_tag","embeddable":true,"href":"https:\/\/www.lintelligentdabidjan.info\/news\/wp-json\/wp\/v2\/tags?post=36152"}],"curies":[{"name":"wp","href":"https:\/\/api.w.org\/{rel}","templated":true}]}}