{"id":36155,"date":"2024-12-09T02:45:48","date_gmt":"2024-12-09T01:45:48","guid":{"rendered":"https:\/\/www.lintelligentdabidjan.info\/news\/?p=36155"},"modified":"2024-12-09T02:45:48","modified_gmt":"2024-12-09T01:45:48","slug":"aspirations-des-populations-ivoiriennes-en-matiere-de-bien-etre-le-crd-presente-les-resultats-de-son-enquete-pilote","status":"publish","type":"post","link":"https:\/\/www.lintelligentdabidjan.info\/news\/aspirations-des-populations-ivoiriennes-en-matiere-de-bien-etre-le-crd-presente-les-resultats-de-son-enquete-pilote\/","title":{"rendered":"Aspirations des populations ivoiriennes en mati\u00e8re de bien-\u00eatre-   Le CRD pr\u00e9sente les r\u00e9sultats de son enqu\u00eate pilote"},"content":{"rendered":"<p><em><strong>Le Centre de Recherche pour le D\u00e9veloppement (CRD) de l\u2019Universit\u00e9 Alassane Ouattara de Bouak\u00e9 a organis\u00e9, le jeudi 5 d\u00e9cembre 2024, un atelier pour restituer les r\u00e9sultats de son enqu\u00eate pilote sur les aspirations des populations ivoiriennes en mati\u00e8re de bien-\u00eatre. Cette initiative, inscrite dans le cadre d\u2019une recherche visant \u00e0 am\u00e9liorer les conditions de vie des populations ivoiriennes, a pour objectif l\u2019\u00e9laboration d\u2019un indice \u00e9volutif du bien-\u00eatre social. Cet outil permettra d\u2019\u00e9valuer p\u00e9riodiquement la qualit\u00e9 de vie des citoyens ivoiriens. L\u2019atelier s\u2019est d\u00e9roul\u00e9 sur le campus 2 de l\u2019universit\u00e9.<\/strong><\/em><\/p>\n<p><strong>Une enqu\u00eate exploratoire sur quatre r\u00e9gions<\/strong><\/p>\n<p>L\u2019\u00e9quipe technique du projet, compos\u00e9e du Dr Kouakou Konan-J\u00e9r\u00f4me, sociologue au d\u00e9partement d\u2019anthropologie et de sociologie, du Dr N\u2019Guessan Delphine et de M. Yao Rodolphe, a mis en avant les \u00e9l\u00e9ments cl\u00e9s de cette \u00e9tude men\u00e9e dans quatre r\u00e9gions : le Gb\u00eak\u00ea, la Bagou\u00e9, le Cavally et la Lagune.<\/p>\n<p>\u00ab Dans le cadre de cette \u00e9tude, nous avons identifi\u00e9 plusieurs dimensions fondamentales du bien-\u00eatre, regroup\u00e9es en douze cat\u00e9gories. Parmi celles-ci figurent l\u2019\u00e9ducation, les aspects psycho-affectifs, la s\u00e9curit\u00e9, les dimensions juridiques et d\u2019autres facteurs sociaux essentiels \u00bb, a expliqu\u00e9 le Dr Kouakou Konan-J\u00e9r\u00f4me.<\/p>\n<p>Il a \u00e9galement soulign\u00e9 que deux aspects prioritaires se distinguent parmi les aspirations des populations : la sant\u00e9 et la famille. \u00ab Dans chaque r\u00e9gion, les personnes interrog\u00e9es ont insist\u00e9 sur l\u2019importance d\u2019une famille harmonieuse, empreinte d\u2019amour et d\u2019entente. La sant\u00e9, qu\u2019elle soit physique ou mentale, constitue \u00e9galement une priorit\u00e9 pour une meilleure qualit\u00e9 de vie \u00bb, a-t-il ajout\u00e9.<\/p>\n<p><strong>Soutien des autorit\u00e9s locales<\/strong><\/p>\n<p>Pr\u00e9sente \u00e0 cet atelier, le Dr Traor\u00e9 Fatoumata Diop, membre du Conseil \u00e9conomique, social, environnemental et culturel et 6\u1d49 adjointe au maire de Bouak\u00e9, a salu\u00e9 cette initiative.<\/p>\n<p>\u00ab Nous esp\u00e9rons que cette \u00e9tude sera \u00e9largie \u00e0 toute la C\u00f4te d\u2019Ivoire. Cela permettra une meilleure utilisation des financements et des investissements pour am\u00e9liorer le bien-\u00eatre de nos concitoyens \u00bb, a-t-elle d\u00e9clar\u00e9 avec enthousiasme.<\/p>\n<p><strong>Un appel aux bailleurs de fonds<\/strong><\/p>\n<p>Le directeur du CRD, le sociologue et ma\u00eetre de recherche Dimi Th\u00e9odore Doudou, a saisi cette opportunit\u00e9 pour lancer un appel aux partenaires financiers et aux organismes de d\u00e9veloppement.<\/p>\n<p>\u00ab J\u2019invite les bailleurs de fonds, les districts et les r\u00e9gions \u00e0 s\u2019approprier cet outil. Notre ambition est de passer d\u2019une \u00e9tude limit\u00e9e \u00e0 quatre r\u00e9gions \u00e0 une \u00e9valuation nationale. Cela n\u00e9cessite un accompagnement financier et technique pour \u00e9largir l\u2019impact de cette recherche \u00e0 toute la C\u00f4te d\u2019Ivoire \u00bb, a-t-il affirm\u00e9.<\/p>\n<p><strong>Un projet soutenu par des partenaires internationaux<\/strong><\/p>\n<p>Ce projet s\u2019inscrit dans le cadre du Programme de renforcement des capacit\u00e9s de recherche en sciences sociales en Afrique francophone, pilot\u00e9 par le Global Development Network (GDN) avec le soutien financier de l\u2019Agence Fran\u00e7aise de D\u00e9veloppement (AFD).<\/p>\n<p>Cette enqu\u00eate pilote marque une \u00e9tape importante vers la cr\u00e9ation d\u2019outils fiables pour mesurer et am\u00e9liorer le bien-\u00eatre des populations ivoiriennes, en fournissant des donn\u00e9es cl\u00e9s pour guider les politiques publiques et les investissements sociaux.<\/p>\n<p><strong>Nambac\u00e9r\u00e9 Jo\u00ebl <\/strong><\/p>\n","protected":false},"excerpt":{"rendered":"<p>Le Centre de Recherche pour le D\u00e9veloppement (CRD) de l\u2019Universit\u00e9 Alassane Ouattara de Bouak\u00e9 a organis\u00e9, le jeudi 5 d\u00e9cembre 2024, un atelier pour restituer les r\u00e9sultats de son enqu\u00eate pilote sur les aspirations des populations ivoiriennes en mati\u00e8re de bien-\u00eatre. Cette initiative, inscrite dans le cadre d\u2019une recherche visant \u00e0 am\u00e9liorer les conditions de [&hellip;]<\/p>\n","protected":false},"author":4,"featured_media":36156,"comment_status":"closed","ping_status":"closed","sticky":false,"template":"","format":"standard","meta":{"_monsterinsights_skip_tracking":false,"_monsterinsights_sitenote_active":false,"_monsterinsights_sitenote_note":"","_monsterinsights_sitenote_category":0,"footnotes":""},"categories":[2,3],"tags":[4403,4404,4405,2813,1512,2871],"class_list":["post-36155","post","type-post","status-publish","format-standard","has-post-thumbnail","hentry","category-featured","category-societe","tag-aspirations","tag-crd","tag-enquete-pilote","tag-ivoiriennes","tag-populations","tag-resultats"],"_links":{"self":[{"href":"https:\/\/www.lintelligentdabidjan.info\/news\/wp-json\/wp\/v2\/posts\/36155","targetHints":{"allow":["GET"]}}],"collection":[{"href":"https:\/\/www.lintelligentdabidjan.info\/news\/wp-json\/wp\/v2\/posts"}],"about":[{"href":"https:\/\/www.lintelligentdabidjan.info\/news\/wp-json\/wp\/v2\/types\/post"}],"author":[{"embeddable":true,"href":"https:\/\/www.lintelligentdabidjan.info\/news\/wp-json\/wp\/v2\/users\/4"}],"replies":[{"embeddable":true,"href":"https:\/\/www.lintelligentdabidjan.info\/news\/wp-json\/wp\/v2\/comments?post=36155"}],"version-history":[{"count":1,"href":"https:\/\/www.lintelligentdabidjan.info\/news\/wp-json\/wp\/v2\/posts\/36155\/revisions"}],"predecessor-version":[{"id":36157,"href":"https:\/\/www.lintelligentdabidjan.info\/news\/wp-json\/wp\/v2\/posts\/36155\/revisions\/36157"}],"wp:featuredmedia":[{"embeddable":true,"href":"https:\/\/www.lintelligentdabidjan.info\/news\/wp-json\/wp\/v2\/media\/36156"}],"wp:attachment":[{"href":"https:\/\/www.lintelligentdabidjan.info\/news\/wp-json\/wp\/v2\/media?parent=36155"}],"wp:term":[{"taxonomy":"category","embeddable":true,"href":"https:\/\/www.lintelligentdabidjan.info\/news\/wp-json\/wp\/v2\/categories?post=36155"},{"taxonomy":"post_tag","embeddable":true,"href":"https:\/\/www.lintelligentdabidjan.info\/news\/wp-json\/wp\/v2\/tags?post=36155"}],"curies":[{"name":"wp","href":"https:\/\/api.w.org\/{rel}","templated":true}]}}