{"id":36158,"date":"2024-12-09T02:50:58","date_gmt":"2024-12-09T01:50:58","guid":{"rendered":"https:\/\/www.lintelligentdabidjan.info\/news\/?p=36158"},"modified":"2024-12-09T02:51:04","modified_gmt":"2024-12-09T01:51:04","slug":"forum-medical-diaconia-diaconia-leaders-fondation-pour-une-prise-en-charge-holistique-des-malades","status":"publish","type":"post","link":"https:\/\/www.lintelligentdabidjan.info\/news\/forum-medical-diaconia-diaconia-leaders-fondation-pour-une-prise-en-charge-holistique-des-malades\/","title":{"rendered":"Forum m\u00e9dical Diaconia-   Diaconia leaders fondation pour une prise en charge holistique des malades"},"content":{"rendered":"<p><em><strong>Sous le th\u00e8me \u00ab prise en charge holistique des patients : m\u00e9decine conventionnelle, alternative et spiritualit\u00e9 chr\u00e9tienne \u00bb, la premi\u00e8re \u00e9dition du Forum M\u00e9dical Diaconia a \u00e9t\u00e9 lanc\u00e9e le vendredi 06 d\u00e9cembre 2024. Ce forum s\u2019est tenu \u00e0 l\u2019unit\u00e9 de formation et de recherche (UFR) des sciences pharmaceutiques de l\u2019universit\u00e9 F\u00e9lix Houphou\u00ebt Boigny de Cocody avec diff\u00e9rentes articulations.<\/strong><\/em><\/p>\n<p>Selon professeur Affi Roseline, coordinatrice G\u00e9n\u00e9rale de Diaconia leaders fondation par ailleurs superviseur g\u00e9n\u00e9ral du forum m\u00e9dical diaconia, cette id\u00e9e r\u00e9sulte d\u2019un constat et d\u2019une vision.<\/p>\n<p>\u00ab Nous avons \u00e9t\u00e9 form\u00e9s pour gu\u00e9rir le corps mais pas l&#8217;\u00e2me et l\u2019esprit. Nous avons d\u00e9cid\u00e9 de prendre en compte l\u2019\u00e2me et l\u2019esprit dans le traitement de nos patients. Pour mat\u00e9rialiser cette vision,nous avons d\u00e9cid\u00e9 de r\u00e9unir les sp\u00e9cialistes de la sant\u00e9 autour d\u2019un forum m\u00e9dical afin de leur expliquer notre ambition. Notre fondation travaille sur le travail des chr\u00e9tiens. Cependant,nous mettons en service des patients les rem\u00e8des de gu\u00e9rison qu\u2019enseigne le christianisme \u00bb a d\u00e9clar\u00e9 Affi Roseline ,superviseur g\u00e9n\u00e9ral.<\/p>\n<p>Pour sa part, p\u00e8re Thibault Assier de Pompignan,  docteur en th\u00e9ologie dogmatique par ailleurs conf\u00e9rencier lors de la rencontre a indiqu\u00e9:  \u00ab La religion chr\u00e9tienne soutient et m\u00eame encourage et nous permet de comprendre la place de la m\u00e9decine alternative. Le regard biblique sur la sant\u00e9 de l\u2019homme est extr\u00eamement global. Jamais dans la Bible on s\u00e9pare le corps de l\u2019homme de sa vie spirituelle. Le regard chr\u00e9tien accompagne et m\u00eame promeut la m\u00e9decine alternative. Il interdit m\u00eame de regarder une m\u00e9decine comme ayant la totalit\u00e9 de la gu\u00e9rison de l\u2019homme. Chaque m\u00e9decine s\u2019inscrit dans le plan du salut et accepte aussi certaines de ses limites. Au d\u00e9but de l\u2019\u00e9criture, la Bible nous fait comprendre que l\u2019homme est beaucoup plus malade qu\u2019il ne le pense. Cependant, il n\u2019y a qu\u2019\u00e0 la r\u00e9surrection que l\u2019homme a, la pl\u00e9nitude de sa sant\u00e9 \u00bb a indiqu\u00e9 p\u00e8re Thibault Assier de Pompignan,  docteur en th\u00e9ologie dogmatique par ailleurs conf\u00e9rencier du jour.<\/p>\n<p>Pour faire passer son message et sensibiliser le maximum de personnes afin d\u2019utiliser la m\u00e9decine conventionnelle et la m\u00e9decine alternative, la fondation envisage une tourn\u00e9e dans plusieurs villes de la C\u00f4te d\u2019Ivoire suivie de l\u2019ouverture d\u2019une clinique traitant le corps, l\u2019\u00e2me et l\u2019esprit \u00e0 travers une th\u00e9rapie chr\u00e9tienne.<\/p>\n<p><strong>Mamadou Ouattara avec Gerard Batoua<\/strong><\/p>\n","protected":false},"excerpt":{"rendered":"<p>Sous le th\u00e8me \u00ab prise en charge holistique des patients : m\u00e9decine conventionnelle, alternative et spiritualit\u00e9 chr\u00e9tienne \u00bb, la premi\u00e8re \u00e9dition du Forum M\u00e9dical Diaconia a \u00e9t\u00e9 lanc\u00e9e le vendredi 06 d\u00e9cembre 2024. Ce forum s\u2019est tenu \u00e0 l\u2019unit\u00e9 de formation et de recherche (UFR) des sciences pharmaceutiques de l\u2019universit\u00e9 F\u00e9lix Houphou\u00ebt Boigny de Cocody [&hellip;]<\/p>\n","protected":false},"author":4,"featured_media":36160,"comment_status":"closed","ping_status":"closed","sticky":false,"template":"","format":"standard","meta":{"_monsterinsights_skip_tracking":false,"_monsterinsights_sitenote_active":false,"_monsterinsights_sitenote_note":"","_monsterinsights_sitenote_category":0,"footnotes":""},"categories":[2,3],"tags":[],"class_list":["post-36158","post","type-post","status-publish","format-standard","has-post-thumbnail","hentry","category-featured","category-societe"],"_links":{"self":[{"href":"https:\/\/www.lintelligentdabidjan.info\/news\/wp-json\/wp\/v2\/posts\/36158","targetHints":{"allow":["GET"]}}],"collection":[{"href":"https:\/\/www.lintelligentdabidjan.info\/news\/wp-json\/wp\/v2\/posts"}],"about":[{"href":"https:\/\/www.lintelligentdabidjan.info\/news\/wp-json\/wp\/v2\/types\/post"}],"author":[{"embeddable":true,"href":"https:\/\/www.lintelligentdabidjan.info\/news\/wp-json\/wp\/v2\/users\/4"}],"replies":[{"embeddable":true,"href":"https:\/\/www.lintelligentdabidjan.info\/news\/wp-json\/wp\/v2\/comments?post=36158"}],"version-history":[{"count":1,"href":"https:\/\/www.lintelligentdabidjan.info\/news\/wp-json\/wp\/v2\/posts\/36158\/revisions"}],"predecessor-version":[{"id":36161,"href":"https:\/\/www.lintelligentdabidjan.info\/news\/wp-json\/wp\/v2\/posts\/36158\/revisions\/36161"}],"wp:featuredmedia":[{"embeddable":true,"href":"https:\/\/www.lintelligentdabidjan.info\/news\/wp-json\/wp\/v2\/media\/36160"}],"wp:attachment":[{"href":"https:\/\/www.lintelligentdabidjan.info\/news\/wp-json\/wp\/v2\/media?parent=36158"}],"wp:term":[{"taxonomy":"category","embeddable":true,"href":"https:\/\/www.lintelligentdabidjan.info\/news\/wp-json\/wp\/v2\/categories?post=36158"},{"taxonomy":"post_tag","embeddable":true,"href":"https:\/\/www.lintelligentdabidjan.info\/news\/wp-json\/wp\/v2\/tags?post=36158"}],"curies":[{"name":"wp","href":"https:\/\/api.w.org\/{rel}","templated":true}]}}