{"id":36176,"date":"2024-12-10T02:57:53","date_gmt":"2024-12-10T01:57:53","guid":{"rendered":"https:\/\/www.lintelligentdabidjan.info\/news\/?p=36176"},"modified":"2024-12-10T02:57:57","modified_gmt":"2024-12-10T01:57:57","slug":"systeme-statistique-national-une-conference-pour-explorer-de-nouvelles-sources-de-financement","status":"publish","type":"post","link":"https:\/\/www.lintelligentdabidjan.info\/news\/systeme-statistique-national-une-conference-pour-explorer-de-nouvelles-sources-de-financement\/","title":{"rendered":"Syst\u00e8me statistique national-Une conf\u00e9rence pour explorer de nouvelles sources de financement"},"content":{"rendered":"<p><em><strong>La Direction des Statistiques \u00c9conomiques et Financi\u00e8res (Dsef) du minist\u00e8re de l\u2019\u00c9conomie, du Plan et du D\u00e9veloppement a organis\u00e9 une conf\u00e9rence sur la recherche de financement et de ressources pour la production statistique, le vendredi 04 d\u00e9cembre 2024 \u00e0 l\u2019\u00c9cole Nationale de Statistique et d\u2019\u00c9conomie Appliqu\u00e9e (Ensea) d\u2019Abidjan.<\/strong><\/em><\/p>\n<p>L&#8217;objectif de cette rencontre \u00e9tait d\u2019explorer de nouvelles avenues de financement pour renforcer la production statistique nationale et garantir sa durabilit\u00e9 dans un contexte africain et mondial en constante \u00e9volution. Selon Dr Florent Melesse, directeur des statistiques \u00e9conomiques et financi\u00e8res, au regard des d\u00e9fis \u00e0 relever dans le cadre de la production de donn\u00e9es statistiques notamment l\u2019engagement politique timide au niveau national, les probl\u00e8mes persistants de coordination, la capacit\u00e9 de production statistique limit\u00e9e, le syst\u00e8me de statistique nationaux doivent \u201cimp\u00e9rativement\u201d tisser des partenariats. \u00ab Ces partenariats peuvent autant \u00eatre financiers, techniques avec des renforcements de capacit\u00e9 des ressources humaines, qu\u2019op\u00e9rationnels avec une assistance technique \u00bb, a-t-il d\u00e9clar\u00e9. Par ailleurs, il a soulign\u00e9 que la production des donn\u00e9es statistiques, essentielles \u00e0 la prise de d\u00e9cisions \u00e9clair\u00e9es, doit \u00eatre accessible \u00e0 tous, car elles sont consid\u00e9r\u00e9es comme un bien public. \u00abSi l\u2019\u00c9tat joue un r\u00f4le central dans leur financement, la contribution d\u2019autres partenaires est \u00e9galement importante  pour soutenir les Instituts Nationaux de Statistique et les services sectoriels\u00bb, a ajout\u00e9 Dr Melesse. Dans ce cadre, la Dsef a pris l\u2019initiative d\u2019explorer de nouveaux m\u00e9canismes de financement durable pour le Syst\u00e8me Statistique National (SSN), en r\u00e9ponse \u00e0 la demande croissante de donn\u00e9es fiables et r\u00e9guli\u00e8res. Un d\u00e9fi majeur reste la n\u00e9cessit\u00e9 de renforcer les ressources humaines, mat\u00e9rielles et financi\u00e8res pour soutenir cette ambition.<\/p>\n<p>Kouma Madassa, Conseiller technique du ministre de l\u2019\u00c9conomie, du Plan et du D\u00e9veloppement et coordinateur adjoint du Projet d\u2019Harmonisation et d\u2019Am\u00e9lioration des Statistiques (Phas), a pr\u00e9sent\u00e9 les opportunit\u00e9s de financement offertes par ce projet. Il a exhort\u00e9 les services statistiques des minist\u00e8res \u00e0 utiliser efficacement ces ressources pour produire des donn\u00e9es de qualit\u00e9. \u00ab Le Phas est notre maison commune \u00bb, a-t-il d\u00e9clar\u00e9, appelant \u00e0 une collaboration \u00e9troite entre les services statistiques et le projet.<\/p>\n<p>Cette conf\u00e9rence s&#8217;est tenue autour du th\u00e8me : \u00ab Quel partenariat pour le syst\u00e8me statistique national de la C\u00f4te d\u2019Ivoire sur le nouvel \u00e9chiquier statistique africain et mondial ? \u00bb. <\/p>\n<p><strong>Mamadou avec A. Traor\u00e9 avec Sercom<\/strong><\/p>\n","protected":false},"excerpt":{"rendered":"<p>La Direction des Statistiques \u00c9conomiques et Financi\u00e8res (Dsef) du minist\u00e8re de l\u2019\u00c9conomie, du Plan et du D\u00e9veloppement a organis\u00e9 une conf\u00e9rence sur la recherche de financement et de ressources pour la production statistique, le vendredi 04 d\u00e9cembre 2024 \u00e0 l\u2019\u00c9cole Nationale de Statistique et d\u2019\u00c9conomie Appliqu\u00e9e (Ensea) d\u2019Abidjan. L&#8217;objectif de cette rencontre \u00e9tait d\u2019explorer de [&hellip;]<\/p>\n","protected":false},"author":4,"featured_media":36177,"comment_status":"closed","ping_status":"closed","sticky":false,"template":"","format":"standard","meta":{"_monsterinsights_skip_tracking":false,"_monsterinsights_sitenote_active":false,"_monsterinsights_sitenote_note":"","_monsterinsights_sitenote_category":0,"footnotes":""},"categories":[2,18],"tags":[],"class_list":["post-36176","post","type-post","status-publish","format-standard","has-post-thumbnail","hentry","category-featured","category-economie"],"_links":{"self":[{"href":"https:\/\/www.lintelligentdabidjan.info\/news\/wp-json\/wp\/v2\/posts\/36176","targetHints":{"allow":["GET"]}}],"collection":[{"href":"https:\/\/www.lintelligentdabidjan.info\/news\/wp-json\/wp\/v2\/posts"}],"about":[{"href":"https:\/\/www.lintelligentdabidjan.info\/news\/wp-json\/wp\/v2\/types\/post"}],"author":[{"embeddable":true,"href":"https:\/\/www.lintelligentdabidjan.info\/news\/wp-json\/wp\/v2\/users\/4"}],"replies":[{"embeddable":true,"href":"https:\/\/www.lintelligentdabidjan.info\/news\/wp-json\/wp\/v2\/comments?post=36176"}],"version-history":[{"count":1,"href":"https:\/\/www.lintelligentdabidjan.info\/news\/wp-json\/wp\/v2\/posts\/36176\/revisions"}],"predecessor-version":[{"id":36178,"href":"https:\/\/www.lintelligentdabidjan.info\/news\/wp-json\/wp\/v2\/posts\/36176\/revisions\/36178"}],"wp:featuredmedia":[{"embeddable":true,"href":"https:\/\/www.lintelligentdabidjan.info\/news\/wp-json\/wp\/v2\/media\/36177"}],"wp:attachment":[{"href":"https:\/\/www.lintelligentdabidjan.info\/news\/wp-json\/wp\/v2\/media?parent=36176"}],"wp:term":[{"taxonomy":"category","embeddable":true,"href":"https:\/\/www.lintelligentdabidjan.info\/news\/wp-json\/wp\/v2\/categories?post=36176"},{"taxonomy":"post_tag","embeddable":true,"href":"https:\/\/www.lintelligentdabidjan.info\/news\/wp-json\/wp\/v2\/tags?post=36176"}],"curies":[{"name":"wp","href":"https:\/\/api.w.org\/{rel}","templated":true}]}}