{"id":36187,"date":"2024-12-11T08:43:04","date_gmt":"2024-12-11T07:43:04","guid":{"rendered":"https:\/\/www.lintelligentdabidjan.info\/news\/?p=36187"},"modified":"2024-12-11T08:43:09","modified_gmt":"2024-12-11T07:43:09","slug":"mbengue-le-cack-mobilise-pour-la-paix-et-la-cohesion-sociale-a-bougou","status":"publish","type":"post","link":"https:\/\/www.lintelligentdabidjan.info\/news\/mbengue-le-cack-mobilise-pour-la-paix-et-la-cohesion-sociale-a-bougou\/","title":{"rendered":"M&#8217;bengu\u00e9 : Le CACK mobilise pour la paix et la coh\u00e9sion sociale \u00e0 Bougou"},"content":{"rendered":"<p><em><strong>Le Club d&#8217;Animation Culturelle Kassinibin (CACK) a organis\u00e9, le lundi 9 d\u00e9cembre 2024, une caravane de sensibilisation \u00e0 Bougou, une initiative destin\u00e9e aux communaut\u00e9s frontali\u00e8res de la C\u00f4te d&#8217;Ivoire et du Mali. Cet \u00e9v\u00e9nement visait \u00e0 renforcer la paix, la coh\u00e9sion sociale, l\u2019int\u00e9gration des populations et \u00e0 promouvoir des relations harmonieuses entre forces de s\u00e9curit\u00e9, institutions locales et citoyens, dans un effort commun pour pr\u00e9venir les conflits transfrontaliers.<\/strong><\/em><\/p>\n<p>Cette  caravane  a rassembl\u00e9 des autorit\u00e9s administratives, locales, des associations de jeunes et de femmes, des guides religieux ainsi qu\u2019une d\u00e9l\u00e9gation venue du Mali. Le pr\u00e9sident du CACK, Coulibaly Zana Ali, a expliqu\u00e9 que cette caravane avait pour objectif d\u2019\u00e9veiller les consciences sur l\u2019importance de la paix et de renforcer les liens communautaires. \u00ab Elle permettra de consolider la collaboration entre les forces de d\u00e9fense et de s\u00e9curit\u00e9 et les populations locales pour anticiper et g\u00e9rer les \u00e9ventuelles menaces dans l\u2019espace UTCTE-SKBO \u00bb, a-t-il pr\u00e9cis\u00e9.<\/p>\n<p>Le Commandant de brigade de M\u2019bengu\u00e9, Soro Petroussani, a insist\u00e9 sur l\u2019importance d\u2019une coop\u00e9ration \u00e9troite entre les citoyens et les forces de s\u00e9curit\u00e9. \u00ab Il n\u2019y a pas de s\u00e9curit\u00e9 sans vous. Votre collaboration nous rend efficaces. Nous vous encourageons \u00e0 nous fournir des renseignements pour que la paix continue de r\u00e9gner entre les peuples ivoiriens et maliens \u00bb, a-t-il d\u00e9clar\u00e9 dans un appel empreint de solennit\u00e9.<\/p>\n<p>De son c\u00f4t\u00e9, le lieutenant Kassi Pascal, adjoint au chef de poste fronti\u00e8re de N\u2019gnadara (Bougou), a r\u00e9affirm\u00e9 l\u2019engagement des forces de s\u00e9curit\u00e9 \u00e0 prot\u00e9ger les populations contre toute forme de menace. Il a exhort\u00e9 les habitants \u00e0 signaler tout comportement suspect pour pr\u00e9server la stabilit\u00e9 dans cette zone frontali\u00e8re sensible.<\/p>\n<p>Sind\u00e9 Justin Sopoud\u00e9, sous-pr\u00e9fet de Bougou, a salu\u00e9 cette initiative qu\u2019il consid\u00e8re comme un \u00ab levier essentiel pour la consolidation de la paix entre les communaut\u00e9s ivoirienne et malienne \u00bb. Il a \u00e9galement mis en lumi\u00e8re l\u2019importance des actions de sensibilisation pour r\u00e9soudre les d\u00e9fis li\u00e9s \u00e0 l\u2019ins\u00e9curit\u00e9 et aux conflits fonciers, particuli\u00e8rement marqu\u00e9s dans cette r\u00e9gion entre S\u00e9noufos, Lobis, Mor\u00e9s et Malink\u00e9s.<\/p>\n<p>Dans ce cadre, le CACK a mis\u00e9 sur des m\u00e9thodes innovantes pour toucher les populations, notamment \u00e0 travers des sketchs th\u00e9\u00e2traux illustrant les enjeux de la paix et de la s\u00e9curit\u00e9. Ces repr\u00e9sentations ont permis de sensibiliser les communaut\u00e9s sur la n\u00e9cessit\u00e9 d\u2019une cohabitation pacifique et d\u2019une collaboration proactive avec les autorit\u00e9s locales.<\/p>\n<p>Cette caravane de sensibilisation marque une \u00e9tape importante dans les efforts de pr\u00e9vention des crises entre les peuples ivoiriens et maliens. En mobilisant diff\u00e9rents acteurs et en impliquant les populations, le CACK esp\u00e8re instaurer un climat de confiance et de solidarit\u00e9 durable dans cette zone transfrontali\u00e8re.<\/p>\n<p><strong>Nambac\u00e9r\u00e9 Jo\u00ebl <\/strong><\/p>\n","protected":false},"excerpt":{"rendered":"<p>Le Club d&#8217;Animation Culturelle Kassinibin (CACK) a organis\u00e9, le lundi 9 d\u00e9cembre 2024, une caravane de sensibilisation \u00e0 Bougou, une initiative destin\u00e9e aux communaut\u00e9s frontali\u00e8res de la C\u00f4te d&#8217;Ivoire et du Mali. Cet \u00e9v\u00e9nement visait \u00e0 renforcer la paix, la coh\u00e9sion sociale, l\u2019int\u00e9gration des populations et \u00e0 promouvoir des relations harmonieuses entre forces de s\u00e9curit\u00e9, [&hellip;]<\/p>\n","protected":false},"author":4,"featured_media":36188,"comment_status":"closed","ping_status":"closed","sticky":false,"template":"","format":"standard","meta":{"_monsterinsights_skip_tracking":false,"_monsterinsights_sitenote_active":false,"_monsterinsights_sitenote_note":"","_monsterinsights_sitenote_category":0,"footnotes":""},"categories":[2,3],"tags":[4409,4408,1840,4076,655],"class_list":["post-36187","post","type-post","status-publish","format-standard","has-post-thumbnail","hentry","category-featured","category-societe","tag-bougou","tag-cack","tag-cohesion-sociale","tag-mbengue","tag-paix"],"_links":{"self":[{"href":"https:\/\/www.lintelligentdabidjan.info\/news\/wp-json\/wp\/v2\/posts\/36187","targetHints":{"allow":["GET"]}}],"collection":[{"href":"https:\/\/www.lintelligentdabidjan.info\/news\/wp-json\/wp\/v2\/posts"}],"about":[{"href":"https:\/\/www.lintelligentdabidjan.info\/news\/wp-json\/wp\/v2\/types\/post"}],"author":[{"embeddable":true,"href":"https:\/\/www.lintelligentdabidjan.info\/news\/wp-json\/wp\/v2\/users\/4"}],"replies":[{"embeddable":true,"href":"https:\/\/www.lintelligentdabidjan.info\/news\/wp-json\/wp\/v2\/comments?post=36187"}],"version-history":[{"count":1,"href":"https:\/\/www.lintelligentdabidjan.info\/news\/wp-json\/wp\/v2\/posts\/36187\/revisions"}],"predecessor-version":[{"id":36189,"href":"https:\/\/www.lintelligentdabidjan.info\/news\/wp-json\/wp\/v2\/posts\/36187\/revisions\/36189"}],"wp:featuredmedia":[{"embeddable":true,"href":"https:\/\/www.lintelligentdabidjan.info\/news\/wp-json\/wp\/v2\/media\/36188"}],"wp:attachment":[{"href":"https:\/\/www.lintelligentdabidjan.info\/news\/wp-json\/wp\/v2\/media?parent=36187"}],"wp:term":[{"taxonomy":"category","embeddable":true,"href":"https:\/\/www.lintelligentdabidjan.info\/news\/wp-json\/wp\/v2\/categories?post=36187"},{"taxonomy":"post_tag","embeddable":true,"href":"https:\/\/www.lintelligentdabidjan.info\/news\/wp-json\/wp\/v2\/tags?post=36187"}],"curies":[{"name":"wp","href":"https:\/\/api.w.org\/{rel}","templated":true}]}}