{"id":36229,"date":"2024-12-13T06:12:18","date_gmt":"2024-12-13T05:12:18","guid":{"rendered":"https:\/\/www.lintelligentdabidjan.info\/news\/?p=36229"},"modified":"2024-12-13T06:12:18","modified_gmt":"2024-12-13T05:12:18","slug":"cesec-la-2%e1%b5%89-session-ordinaire-bouclee-a-85","status":"publish","type":"post","link":"https:\/\/www.lintelligentdabidjan.info\/news\/cesec-la-2%e1%b5%89-session-ordinaire-bouclee-a-85\/","title":{"rendered":"Cesec-La 2\u1d49 session ordinaire boucl\u00e9e \u00e0 85 %"},"content":{"rendered":"<p><em><strong>La c\u00e9r\u00e9monie de cl\u00f4ture de la deuxi\u00e8me session ordinaire 2024 du Conseil \u00c9conomique, Social, Environnemental et Culturel (Cesec) s&#8217;est d\u00e9roul\u00e9e le jeudi 12 d\u00e9cembre 2024 au si\u00e8ge de l\u2019institution \u00e0 Abidjan-Plateau.<\/strong><\/em><\/p>\n<p>Cette session, ouverte le 12 septembre, avait pour objectif de r\u00e9aliser treize activit\u00e9s majeures r\u00e9parties en quatre rubriques principales. \u00c0 l&#8217;issue de cette p\u00e9riode de travail, le bilan est positif avec la r\u00e9alisation de onze activit\u00e9s sur douze, soit un taux d&#8217;ex\u00e9cution de 85 %. Le pr\u00e9sident du Cesec, Dr. Eug\u00e8ne Aka Aou\u00e9l\u00e9, a exprim\u00e9 sa fiert\u00e9 pour l&#8217;engagement des conseillers : \u00ab Chers conseillers, ce sont vos ardeurs et expertises qui ont permis d\u2019enrichir les travaux et de formuler des recommandations pertinentes, en phase avec les attentes de nos concitoyens \u00bb, a-t-il d\u00e9clar\u00e9.<\/p>\n<p><strong>Trois axes de r\u00e9flexion<\/strong><\/p>\n<p> Cette session ordinaire a \u00e9t\u00e9 structur\u00e9e autour de trois axes majeurs. La lutte contre les changements climatiques a \u00e9t\u00e9 au centre des pr\u00e9occupations de la Commission environnement et qualit\u00e9 de vie, qui a adopt\u00e9 un Avis sur \u00ab La contribution des acteurs non \u00e9tatiques \u00e0 la lutte contre les changements climatiques en C\u00f4te d\u2019Ivoire \u00bb. De plus, la Commission affaires agricoles et domaniales a examin\u00e9 le d\u00e9veloppement et la r\u00e9gulation du march\u00e9 vivrier, abordant les d\u00e9fis de ce secteur. Enfin, la Commission affaires \u00e9conomiques et financi\u00e8res a explor\u00e9 les financements alternatifs pour renforcer l&#8217;autonomie des collectivit\u00e9s locales, contribuant \u00e0 des recommandations strat\u00e9giques en faveur de la d\u00e9centralisation. Ces th\u00e9matiques ont \u00e9t\u00e9 approfondies gr\u00e2ce \u00e0 des conf\u00e9rences de haut niveau et des visites de terrain, soulignant leur pertinence face aux d\u00e9fis actuels.<\/p>\n<p><strong>Partenariats internationaux renforc\u00e9s<\/strong><\/p>\n<p>Au-del\u00e0 de ses travaux locaux, le Cesec a renforc\u00e9 ses partenariats internationaux. Il a particip\u00e9 aux travaux de l\u2019Union des Conseils \u00e9conomiques et sociaux d\u2019Afrique (Ucesa) et de l\u2019Union des conseils \u00e9conomiques et sociaux francophones (Ucesif). Sa contribution \u00e0 la COP16 en Arabie Saoudite sur la d\u00e9sertification a \u00e9galement \u00e9t\u00e9 remarqu\u00e9e, notamment avec le projet ambitieux \u00ab Abidjan Legacy Program \u00bb. En outre, l&#8217;Assembl\u00e9e consultative ivoirienne a engag\u00e9 des \u00e9changes avec des institutions acad\u00e9miques, comme l\u2019Universit\u00e9 d\u2019\u00c9tat de San Diego, pour d\u00e9velopper des mod\u00e8les \u00e9ducatifs innovants.<\/p>\n<p><strong>Perspectives pour 2025<\/strong><\/p>\n<p>Pour l&#8217;ann\u00e9e 2025, Dr. Aka Aou\u00e9l\u00e9 a annonc\u00e9 quatre priorit\u00e9s majeures : le d\u00e9veloppement et la r\u00e9gulation du march\u00e9 vivrier, les financements alternatifs pour les collectivit\u00e9s locales, la lutte contre les grossesses en milieu scolaire, et l&#8217;apport des technologies de l&#8217;information et de la communication pour valoriser le patrimoine culturel. \u00ab Nous devons poursuivre nos efforts pour accompagner efficacement les politiques \u00e9conomiques, sociales et environnementales du gouvernement \u00bb, a-t-il affirm\u00e9.<\/p>\n<p>Pr\u00e9sent \u00e0 cette session ordinaire, Gilbert Kafana Kon\u00e9, Haut Repr\u00e9sentant du Pr\u00e9sident de la R\u00e9publique, a salu\u00e9 l&#8217;engagement du Cesec. \u00ab Vous avez brillamment accompli votre mission, tant lors de la premi\u00e8re session que de cette seconde qui se conclut aujourd&#8217;hui. Les r\u00e9sultats obtenus t\u00e9moignent de la rigueur et du s\u00e9rieux de votre institution \u00bb, a-t-il d\u00e9clar\u00e9. La deuxi\u00e8me session ordinaire 2024 du Cesec se termine ainsi sur un bilan \u00e9loquent et des perspectives ambitieuses, renfor\u00e7ant le r\u00f4le  du Cesec dans le d\u00e9veloppement de la C\u00f4te d\u2019Ivoire. Dr. Eug\u00e8ne Aka Aou\u00e9l\u00e9 a \u00e9galement rendu hommage \u00e0 SEM Alassane Ouattara pour son leadership \u00e9clair\u00e9 et son engagement constant en faveur du d\u00e9veloppement du pays.<\/p>\n<p><strong>Tour\u00e9 Abdoulaye avec A. Traor\u00e9 avec Sercom<\/strong><\/p>\n","protected":false},"excerpt":{"rendered":"<p>La c\u00e9r\u00e9monie de cl\u00f4ture de la deuxi\u00e8me session ordinaire 2024 du Conseil \u00c9conomique, Social, Environnemental et Culturel (Cesec) s&#8217;est d\u00e9roul\u00e9e le jeudi 12 d\u00e9cembre 2024 au si\u00e8ge de l\u2019institution \u00e0 Abidjan-Plateau. Cette session, ouverte le 12 septembre, avait pour objectif de r\u00e9aliser treize activit\u00e9s majeures r\u00e9parties en quatre rubriques principales. \u00c0 l&#8217;issue de cette p\u00e9riode [&hellip;]<\/p>\n","protected":false},"author":4,"featured_media":36230,"comment_status":"closed","ping_status":"closed","sticky":false,"template":"","format":"standard","meta":{"_monsterinsights_skip_tracking":false,"_monsterinsights_sitenote_active":false,"_monsterinsights_sitenote_note":"","_monsterinsights_sitenote_category":0,"footnotes":""},"categories":[2,18],"tags":[748,4429],"class_list":["post-36229","post","type-post","status-publish","format-standard","has-post-thumbnail","hentry","category-featured","category-economie","tag-cesec","tag-la-2-session-ordinaire"],"_links":{"self":[{"href":"https:\/\/www.lintelligentdabidjan.info\/news\/wp-json\/wp\/v2\/posts\/36229","targetHints":{"allow":["GET"]}}],"collection":[{"href":"https:\/\/www.lintelligentdabidjan.info\/news\/wp-json\/wp\/v2\/posts"}],"about":[{"href":"https:\/\/www.lintelligentdabidjan.info\/news\/wp-json\/wp\/v2\/types\/post"}],"author":[{"embeddable":true,"href":"https:\/\/www.lintelligentdabidjan.info\/news\/wp-json\/wp\/v2\/users\/4"}],"replies":[{"embeddable":true,"href":"https:\/\/www.lintelligentdabidjan.info\/news\/wp-json\/wp\/v2\/comments?post=36229"}],"version-history":[{"count":1,"href":"https:\/\/www.lintelligentdabidjan.info\/news\/wp-json\/wp\/v2\/posts\/36229\/revisions"}],"predecessor-version":[{"id":36231,"href":"https:\/\/www.lintelligentdabidjan.info\/news\/wp-json\/wp\/v2\/posts\/36229\/revisions\/36231"}],"wp:featuredmedia":[{"embeddable":true,"href":"https:\/\/www.lintelligentdabidjan.info\/news\/wp-json\/wp\/v2\/media\/36230"}],"wp:attachment":[{"href":"https:\/\/www.lintelligentdabidjan.info\/news\/wp-json\/wp\/v2\/media?parent=36229"}],"wp:term":[{"taxonomy":"category","embeddable":true,"href":"https:\/\/www.lintelligentdabidjan.info\/news\/wp-json\/wp\/v2\/categories?post=36229"},{"taxonomy":"post_tag","embeddable":true,"href":"https:\/\/www.lintelligentdabidjan.info\/news\/wp-json\/wp\/v2\/tags?post=36229"}],"curies":[{"name":"wp","href":"https:\/\/api.w.org\/{rel}","templated":true}]}}