{"id":36238,"date":"2024-12-13T06:21:55","date_gmt":"2024-12-13T05:21:55","guid":{"rendered":"https:\/\/www.lintelligentdabidjan.info\/news\/?p=36238"},"modified":"2024-12-13T06:21:55","modified_gmt":"2024-12-13T05:21:55","slug":"enseignement-technique-formation-professionnelle-et-lapprentissage-pres-dune-quarantaine-dacteurs-cles-instruits-sur-le-systeme-biometrique","status":"publish","type":"post","link":"https:\/\/www.lintelligentdabidjan.info\/news\/enseignement-technique-formation-professionnelle-et-lapprentissage-pres-dune-quarantaine-dacteurs-cles-instruits-sur-le-systeme-biometrique\/","title":{"rendered":"Enseignement technique, Formation professionnelle et l\u2019Apprentissage-       Pr\u00e8s d\u2019une quarantaine d\u2019acteurs cl\u00e9s instruits sur le syst\u00e8me biom\u00e9trique"},"content":{"rendered":"<p><strong> <em>Un atelier de formation sur la ma\u00eetrise du d\u00e9nombrement biom\u00e9trique des effectifs des \u00e9l\u00e8ves se tient \u00e0 Yamoussoukro depuis le 9 d\u00e9cembre et se poursuivra jusqu\u2019au 20 d\u00e9cembre 2024. Cet atelier r\u00e9unit pr\u00e8s d\u2019une quarantaine de chefs d\u2019\u00e9tablissements priv\u00e9s, des partenaires de l\u2019\u00e9cole et des responsables des directions du minist\u00e8re de l\u2019Enseignement technique, de la Formation professionnelle et de l\u2019Apprentissage (METFPA).<\/strong><\/em><\/p>\n<p> Dans le cadre du Projet d\u2019am\u00e9lioration de la gouvernance pour la d\u00e9livrance des services de base aux citoyens (PAGDS), financ\u00e9 par la Banque mondiale, le METFPA a b\u00e9n\u00e9fici\u00e9 de la mise en place d\u2019un syst\u00e8me de contr\u00f4le \u00e9lectronique des pr\u00e9sences et des effectifs des \u00e9l\u00e8ves affect\u00e9s par l\u2019\u00c9tat dans les \u00e9tablissements priv\u00e9s. L\u2019ann\u00e9e 2025, marquant l\u2019ach\u00e8vement du projet PAGDS, est une \u00e9tape cl\u00e9 pour assurer la p\u00e9rennit\u00e9 des acquis.<\/p>\n<p> C\u2019est dans cette optique que le METFPA a amorc\u00e9 le transfert de comp\u00e9tences n\u00e9cessaires \u00e0 une gestion autonome et durable du syst\u00e8me biom\u00e9trique de d\u00e9nombrement des \u00e9l\u00e8ves. Cet atelier vise \u00e0 former les acteurs cl\u00e9s du minist\u00e8re sur l\u2019ensemble des modules du syst\u00e8me biom\u00e9trique, appel\u00e9 ABS, afin d\u2019assurer une ma\u00eetrise compl\u00e8te et une prise en charge efficace de cet outil.<\/p>\n<p> Ce syst\u00e8me, qui s\u2019inscrit dans la vision du ministre Koffi N\u2019Guessan, repose sur deux grands programmes : l\u2019Acad\u00e9mie des talents et l\u2019\u00c9cole de la deuxi\u00e8me chance<\/p>\n<p>\u00c0 l\u2019occasion de cet atelier, Yavo Alain, directeur g\u00e9n\u00e9ral de la formation initiale au METFPA, a rappel\u00e9 que ce projet s\u2019aligne sur les piliers fondamentaux de la gouvernance moderne : efficacit\u00e9, transparence et responsabilit\u00e9. Il a soulign\u00e9 l\u2019importance pour le minist\u00e8re de se doter d\u2019outils modernes permettant de relever de mani\u00e8re \u00e9lectronique et automatique la pr\u00e9sence des \u00e9l\u00e8ves affect\u00e9s dans les \u00e9tablissements priv\u00e9s d\u2019enseignement technique, de formation professionnelle et d\u2019apprentissage.<\/p>\n<p>Gr\u00e2ce \u00e0 cette formation, les acteurs du METFPA seront outill\u00e9s pour garantir la durabilit\u00e9 de cette innovation technologique, qui vise \u00e0 optimiser la gestion des effectifs, \u00e0 renforcer la transparence dans les affectations et \u00e0 am\u00e9liorer la gouvernance du syst\u00e8me \u00e9ducatif.<\/p>\n<p>\u00ab  Ce syst\u00e8me permet de  transmettre ces donn\u00e9es enregistr\u00e9es aux serveurs centraux pour traitement afin de permettre d\u2019\u00e9mettre des d\u00e9cisions de paiements avec s\u00e9r\u00e9nit\u00e9.  Il  permet \u00e9galement de garantir le contr\u00f4le de la validation des effectifs d\u2019\u00e9l\u00e8ves affect\u00e9s par l\u2019\u00c9tat dans les \u00e9tablissements et de payer les frais d\u2019\u00e9colage de l\u2019enseignement technique \u00e0 bonne date \u00bb a-t-il d\u00e9clar\u00e9 . Quant \u00e0 Akrou Bertin (coordonnateur adjoint PAGDS ), il a plaid\u00e9 pour une augmentation du nombre d\u2019\u00e9l\u00e8ves affect\u00e9s dans l\u2019enseignement technique et la formation professionnelle.<\/p>\n<p> \u00ab On ne se rend pas compte de l\u2019importance que l\u2019enseignement technique dispose. (\u2026)Les parents eux-m\u00eames viennent prendre leurs enfants pour aller faire d\u2019autres types de baccalaur\u00e9ats. (\u2026) \u00bb, a-t-il regrett\u00e9. Pour lui,  Il faut plus de sensibilisation aupr\u00e8s des \u00e9l\u00e8ves, des parents et des encadreurs,  pour dire que l&#8217;enseignement technique et la formation professionnelle d\u00e9bouchent sur des m\u00e9tiers.  \u00ab Ces m\u00e9tiers donnent \u00e0 manger \u00e0 ceux qui les exercent. C\u2019est pas un petit m\u00e9tier d\u2019\u00eatre frigoriste, d\u2019\u00eatre plombier \u2026 quand vous avez un m\u00e9tier, vous ne perdez pas ! Le m\u00e9tier est avec vous jusqu\u2019au cimeti\u00e8re \u00bb, a-t-il fait savoir. <\/p>\n<p> Harry Diallo \u00e0 Yamoussoukro<\/p>\n","protected":false},"excerpt":{"rendered":"<p>Un atelier de formation sur la ma\u00eetrise du d\u00e9nombrement biom\u00e9trique des effectifs des \u00e9l\u00e8ves se tient \u00e0 Yamoussoukro depuis le 9 d\u00e9cembre et se poursuivra jusqu\u2019au 20 d\u00e9cembre 2024. Cet atelier r\u00e9unit pr\u00e8s d\u2019une quarantaine de chefs d\u2019\u00e9tablissements priv\u00e9s, des partenaires de l\u2019\u00e9cole et des responsables des directions du minist\u00e8re de l\u2019Enseignement technique, de la [&hellip;]<\/p>\n","protected":false},"author":4,"featured_media":36239,"comment_status":"closed","ping_status":"closed","sticky":false,"template":"","format":"standard","meta":{"_monsterinsights_skip_tracking":false,"_monsterinsights_sitenote_active":false,"_monsterinsights_sitenote_note":"","_monsterinsights_sitenote_category":0,"footnotes":""},"categories":[2,3],"tags":[],"class_list":["post-36238","post","type-post","status-publish","format-standard","has-post-thumbnail","hentry","category-featured","category-societe"],"_links":{"self":[{"href":"https:\/\/www.lintelligentdabidjan.info\/news\/wp-json\/wp\/v2\/posts\/36238","targetHints":{"allow":["GET"]}}],"collection":[{"href":"https:\/\/www.lintelligentdabidjan.info\/news\/wp-json\/wp\/v2\/posts"}],"about":[{"href":"https:\/\/www.lintelligentdabidjan.info\/news\/wp-json\/wp\/v2\/types\/post"}],"author":[{"embeddable":true,"href":"https:\/\/www.lintelligentdabidjan.info\/news\/wp-json\/wp\/v2\/users\/4"}],"replies":[{"embeddable":true,"href":"https:\/\/www.lintelligentdabidjan.info\/news\/wp-json\/wp\/v2\/comments?post=36238"}],"version-history":[{"count":1,"href":"https:\/\/www.lintelligentdabidjan.info\/news\/wp-json\/wp\/v2\/posts\/36238\/revisions"}],"predecessor-version":[{"id":36240,"href":"https:\/\/www.lintelligentdabidjan.info\/news\/wp-json\/wp\/v2\/posts\/36238\/revisions\/36240"}],"wp:featuredmedia":[{"embeddable":true,"href":"https:\/\/www.lintelligentdabidjan.info\/news\/wp-json\/wp\/v2\/media\/36239"}],"wp:attachment":[{"href":"https:\/\/www.lintelligentdabidjan.info\/news\/wp-json\/wp\/v2\/media?parent=36238"}],"wp:term":[{"taxonomy":"category","embeddable":true,"href":"https:\/\/www.lintelligentdabidjan.info\/news\/wp-json\/wp\/v2\/categories?post=36238"},{"taxonomy":"post_tag","embeddable":true,"href":"https:\/\/www.lintelligentdabidjan.info\/news\/wp-json\/wp\/v2\/tags?post=36238"}],"curies":[{"name":"wp","href":"https:\/\/api.w.org\/{rel}","templated":true}]}}