{"id":36251,"date":"2024-12-14T06:31:10","date_gmt":"2024-12-14T05:31:10","guid":{"rendered":"https:\/\/www.lintelligentdabidjan.info\/news\/?p=36251"},"modified":"2024-12-14T12:34:48","modified_gmt":"2024-12-14T11:34:48","slug":"poro-les-avantages-de-lapplication-efournisseur-expliques-aux-operateurs-economiques","status":"publish","type":"post","link":"https:\/\/www.lintelligentdabidjan.info\/news\/poro-les-avantages-de-lapplication-efournisseur-expliques-aux-operateurs-economiques\/","title":{"rendered":"Poro &#8211; Les avantages de l&#8217;application eFournisseur expliqu\u00e9s aux op\u00e9rateurs \u00e9conomiques"},"content":{"rendered":"<p><em><strong>Une d\u00e9l\u00e9gation de la Direction g\u00e9n\u00e9rale du budget et des finances (DGBF) a pr\u00e9sent\u00e9 aux op\u00e9rateurs \u00e9conomiques de la r\u00e9gion du Poro, l&#8217;application &#8220;eFournisseur&#8221;, en vue de simplifier leurs transactions avec l&#8217;\u00c9tat de C\u00f4te d&#8217;Ivoire.<\/strong><\/em><\/p>\n<p>L&#8217;\u00e9tape de la r\u00e9gion du Poro, dans le cadre de la campagne de vulgarisation et d\u2019enr\u00f4lement pour l\u2019application eFournisseur s\u2019est tenue du 9 au 12 d\u00e9cembre 2024 au centre culturel de Korhogo, selon une note d&#8217;information. <\/p>\n<p>Au nom du directeur g\u00e9n\u00e9ral du budget et des finances, Aubin Brou, directeur r\u00e9gional du budget et des finances a expliqu\u00e9 les avantages de l&#8217;application eFournisseur aux op\u00e9rateurs \u00e9conomiques de la r\u00e9gion du Poro. &#8220;Cet applicatif a \u00e9t\u00e9 con\u00e7u pour simplifier vos d\u00e9marches administratives et budg\u00e9taires. eFournisseur vous permettra d\u2019avoir un regard permanent sur l\u2019avancement de vos factures, depuis la phase d\u2019engagement jusqu\u2019au paiement &#8220;, leur a-t-il dit. Il les a invit\u00e9s \u00e0 s&#8217;enr\u00f4ler par le biais de la Cellule d&#8217;information des op\u00e9rateurs \u00e9conomiques (CELIOPE), une structure de la DGBF. Le repr\u00e9sentant du maire de Korhogo, Salif Tenena Coulibaly, a salu\u00e9 cette initiative pour son potentiel \u00e0 encourager la cr\u00e9ation de Petites et moyennes entreprises. Le pr\u00e9fet de r\u00e9gion, Andr\u00e9 \u00c9ponon ASSOMOU a, quant \u00e0 lui, mis en avant les efforts de l\u2019\u00c9tat pour renforcer la transparence budg\u00e9taire et stimuler l\u2019\u00e9conomie ivoirienne. Des pr\u00e9sentations didactiques, un film explicatif, et des expos\u00e9s ont permis aux participants de mieux comprendre l\u2019outil avant de proc\u00e9der \u00e0 leur enr\u00f4lement dans l\u2019application.<\/p>\n<p><strong>Olivier Dion <\/strong><\/p>\n","protected":false},"excerpt":{"rendered":"<p>Une d\u00e9l\u00e9gation de la Direction g\u00e9n\u00e9rale du budget et des finances (DGBF) a pr\u00e9sent\u00e9 aux op\u00e9rateurs \u00e9conomiques de la r\u00e9gion du Poro, l&#8217;application &#8220;eFournisseur&#8221;, en vue de simplifier leurs transactions avec l&#8217;\u00c9tat de C\u00f4te d&#8217;Ivoire. L&#8217;\u00e9tape de la r\u00e9gion du Poro, dans le cadre de la campagne de vulgarisation et d\u2019enr\u00f4lement pour l\u2019application eFournisseur s\u2019est [&hellip;]<\/p>\n","protected":false},"author":4,"featured_media":36252,"comment_status":"closed","ping_status":"closed","sticky":false,"template":"","format":"standard","meta":{"_monsterinsights_skip_tracking":false,"_monsterinsights_sitenote_active":false,"_monsterinsights_sitenote_note":"","_monsterinsights_sitenote_category":0,"footnotes":""},"categories":[2,3],"tags":[4435,4433,4434],"class_list":["post-36251","post","type-post","status-publish","format-standard","has-post-thumbnail","hentry","category-featured","category-societe","tag-lapplication-efournisseur","tag-operateurs-economiques","tag-poro"],"_links":{"self":[{"href":"https:\/\/www.lintelligentdabidjan.info\/news\/wp-json\/wp\/v2\/posts\/36251","targetHints":{"allow":["GET"]}}],"collection":[{"href":"https:\/\/www.lintelligentdabidjan.info\/news\/wp-json\/wp\/v2\/posts"}],"about":[{"href":"https:\/\/www.lintelligentdabidjan.info\/news\/wp-json\/wp\/v2\/types\/post"}],"author":[{"embeddable":true,"href":"https:\/\/www.lintelligentdabidjan.info\/news\/wp-json\/wp\/v2\/users\/4"}],"replies":[{"embeddable":true,"href":"https:\/\/www.lintelligentdabidjan.info\/news\/wp-json\/wp\/v2\/comments?post=36251"}],"version-history":[{"count":1,"href":"https:\/\/www.lintelligentdabidjan.info\/news\/wp-json\/wp\/v2\/posts\/36251\/revisions"}],"predecessor-version":[{"id":36253,"href":"https:\/\/www.lintelligentdabidjan.info\/news\/wp-json\/wp\/v2\/posts\/36251\/revisions\/36253"}],"wp:featuredmedia":[{"embeddable":true,"href":"https:\/\/www.lintelligentdabidjan.info\/news\/wp-json\/wp\/v2\/media\/36252"}],"wp:attachment":[{"href":"https:\/\/www.lintelligentdabidjan.info\/news\/wp-json\/wp\/v2\/media?parent=36251"}],"wp:term":[{"taxonomy":"category","embeddable":true,"href":"https:\/\/www.lintelligentdabidjan.info\/news\/wp-json\/wp\/v2\/categories?post=36251"},{"taxonomy":"post_tag","embeddable":true,"href":"https:\/\/www.lintelligentdabidjan.info\/news\/wp-json\/wp\/v2\/tags?post=36251"}],"curies":[{"name":"wp","href":"https:\/\/api.w.org\/{rel}","templated":true}]}}