{"id":36269,"date":"2024-12-16T05:49:53","date_gmt":"2024-12-16T04:49:53","guid":{"rendered":"https:\/\/www.lintelligentdabidjan.info\/news\/?p=36269"},"modified":"2024-12-16T05:49:59","modified_gmt":"2024-12-16T04:49:59","slug":"presidentielle-2025-2025-ewan-ado-un-mouvement-de-soutien-a-ouattara-voit-le-jour","status":"publish","type":"post","link":"https:\/\/www.lintelligentdabidjan.info\/news\/presidentielle-2025-2025-ewan-ado-un-mouvement-de-soutien-a-ouattara-voit-le-jour\/","title":{"rendered":"Pr\u00e9sidentielle 2025-    2025- Ewan-ADO, un mouvement de soutien \u00e0  Ouattara  voit le jour"},"content":{"rendered":"<p><em><strong>Louis Kouakou Habonouan, pr\u00e9sident du mouvement de soutien \u00e0 Alassane Ouattara d\u00e9nomm\u00e9 2025 &#8211; Ewan-ADO a proc\u00e9d\u00e9 le vendredi 13 d\u00e9cembre 2024 \u00e0 la pr\u00e9sentation dudit  mouvement \u00e0 la maison de la presse  \u00e0 Abidjan Plateau.<\/strong><\/em><\/p>\n<p> Soutenu par plusieurs cadres  du V Baoul\u00e9, Louis Kouakou Habonouan, le d\u00e9put\u00e9-maire de Brobo a mis sur pied ce mouvement national, afin de faire triompher Alassane Ouattara \u00e0 la pr\u00e9sidentielle d\u2019octobre 2025 et   lui permettre de poursuivre et  d\u2019achever les projets de d\u00e9veloppement engag\u00e9s \u00e0 travers toute la C\u00f4te d\u2019Ivoire.<\/p>\n<p>\u00ab Alassane Ouattara est un digne h\u00e9ritier du p\u00e8re de la nation ivoirienne, F\u00e9lix Houphou\u00ebt-Boigny. 2025 sera un carrefour important.  Le V Baoul\u00e9 va pl\u00e9bisciter le pr\u00e9sident Alassane Ouattara \u00bb, a-t-il indiqu\u00e9.<\/p>\n<p>Pour atteindre cet objectif, il s\u2019est fait entourer des cadres et de la jeunesse de 8 r\u00e9gions et 21 d\u00e9partements du V Baoul\u00e9 et m\u00eame de la diaspora.<\/p>\n<p> \u00ab Pour atteindre cet objectif, le mouvement va parcourir, sous la houlette du ministre Jeannot Ahoussou Kouadio, pr\u00e9sident d\u2019honneur du mouvement, les sept r\u00e9gions et 20 d\u00e9partements du V Baoul\u00e9, ainsi que mobiliser sa diaspora, afin de convaincre les populations locales de soutenir ce projet. Apr\u00e8s seulement six jours d&#8217;existence, ce sont plus de 150 cadres qui ont d\u00e9j\u00e0 adh\u00e9r\u00e9 \u00e0 la vision \u00bb, a pr\u00e9cis\u00e9 le pr\u00e9sident du mouvement de soutien 2025- Ewan-ADO qui signifie en baoul\u00e9 &#8221; Nous disons ADO 2025.<\/p>\n<p>Michel Koffi est le porte-parole, tandis que Venance Konan occupe le poste de 9\u1d49 vice-pr\u00e9sident, charg\u00e9 de la communication et des relations publiques.<\/p>\n<p>La c\u00e9r\u00e9monie d\u2019investiture officielle du mouvement est pr\u00e9vue pour le 1er f\u00e9vrier 2025 \u00e0 la Fondation F\u00e9lix Houphou\u00ebt-Boigny \u00e0 Yamoussoukro.  Le V Baoul\u00e9 s\u2019active pour la r\u00e9ussite de l\u2019\u00e9v\u00e8nement.<\/p>\n<p><strong>Olivier Dion avec G\u00e9rard Batoua<\/strong><\/p>\n","protected":false},"excerpt":{"rendered":"<p>Louis Kouakou Habonouan, pr\u00e9sident du mouvement de soutien \u00e0 Alassane Ouattara d\u00e9nomm\u00e9 2025 &#8211; Ewan-ADO a proc\u00e9d\u00e9 le vendredi 13 d\u00e9cembre 2024 \u00e0 la pr\u00e9sentation dudit mouvement \u00e0 la maison de la presse \u00e0 Abidjan Plateau. Soutenu par plusieurs cadres du V Baoul\u00e9, Louis Kouakou Habonouan, le d\u00e9put\u00e9-maire de Brobo a mis sur pied ce [&hellip;]<\/p>\n","protected":false},"author":4,"featured_media":36270,"comment_status":"closed","ping_status":"closed","sticky":false,"template":"","format":"standard","meta":{"_monsterinsights_skip_tracking":false,"_monsterinsights_sitenote_active":false,"_monsterinsights_sitenote_note":"","_monsterinsights_sitenote_category":0,"footnotes":""},"categories":[2,17],"tags":[4443,2379,34,1621],"class_list":["post-36269","post","type-post","status-publish","format-standard","has-post-thumbnail","hentry","category-featured","category-politique","tag-2025-ewan-ado","tag-mouvement","tag-ouattara","tag-presidentielle-2025"],"_links":{"self":[{"href":"https:\/\/www.lintelligentdabidjan.info\/news\/wp-json\/wp\/v2\/posts\/36269","targetHints":{"allow":["GET"]}}],"collection":[{"href":"https:\/\/www.lintelligentdabidjan.info\/news\/wp-json\/wp\/v2\/posts"}],"about":[{"href":"https:\/\/www.lintelligentdabidjan.info\/news\/wp-json\/wp\/v2\/types\/post"}],"author":[{"embeddable":true,"href":"https:\/\/www.lintelligentdabidjan.info\/news\/wp-json\/wp\/v2\/users\/4"}],"replies":[{"embeddable":true,"href":"https:\/\/www.lintelligentdabidjan.info\/news\/wp-json\/wp\/v2\/comments?post=36269"}],"version-history":[{"count":1,"href":"https:\/\/www.lintelligentdabidjan.info\/news\/wp-json\/wp\/v2\/posts\/36269\/revisions"}],"predecessor-version":[{"id":36271,"href":"https:\/\/www.lintelligentdabidjan.info\/news\/wp-json\/wp\/v2\/posts\/36269\/revisions\/36271"}],"wp:featuredmedia":[{"embeddable":true,"href":"https:\/\/www.lintelligentdabidjan.info\/news\/wp-json\/wp\/v2\/media\/36270"}],"wp:attachment":[{"href":"https:\/\/www.lintelligentdabidjan.info\/news\/wp-json\/wp\/v2\/media?parent=36269"}],"wp:term":[{"taxonomy":"category","embeddable":true,"href":"https:\/\/www.lintelligentdabidjan.info\/news\/wp-json\/wp\/v2\/categories?post=36269"},{"taxonomy":"post_tag","embeddable":true,"href":"https:\/\/www.lintelligentdabidjan.info\/news\/wp-json\/wp\/v2\/tags?post=36269"}],"curies":[{"name":"wp","href":"https:\/\/api.w.org\/{rel}","templated":true}]}}