{"id":36272,"date":"2024-12-16T05:52:31","date_gmt":"2024-12-16T04:52:31","guid":{"rendered":"https:\/\/www.lintelligentdabidjan.info\/news\/?p=36272"},"modified":"2024-12-16T05:52:36","modified_gmt":"2024-12-16T04:52:36","slug":"presidentielle-2025-le-district-autonome-du-zanzan-donne-quitus-a-son-fils-kevin-fieni","status":"publish","type":"post","link":"https:\/\/www.lintelligentdabidjan.info\/news\/presidentielle-2025-le-district-autonome-du-zanzan-donne-quitus-a-son-fils-kevin-fieni\/","title":{"rendered":"Pr\u00e9sidentielle  2025-   Le District autonome du Zanzan donne quitus \u00e0 son fils K\u00e9vin Fi\u00e9ni"},"content":{"rendered":"<p><em><strong>Le pr\u00e9sident du parti Pro-C\u00f4te d\u2019Ivoire pour la D\u00e9mocratie, la Prosp\u00e9rit\u00e9 et la Souverainet\u00e9 (Proci-Dps), Fi\u00e9ni Koffi K\u00e9vin, candidat d\u00e9clar\u00e9 \u00e0 l\u2019\u00e9lection pr\u00e9sidentielle de 2025, a anim\u00e9 un meeting le dimanche 8 d\u00e9cembre 2024 au stade du centre culturel de Bondoukou.<\/strong><\/em><\/p>\n<p>Le pr\u00e9sident de Pro-C\u00f4te d\u2019Ivoire pour la d\u00e9mocratie, la prosp\u00e9rit\u00e9 et la souverainet\u00e9, Fi\u00e9ni Koffi K\u00e9vin peut se lancer dans la course pour la conqu\u00eate du palais pr\u00e9sidentiel en 2025 avec s\u00e9r\u00e9nit\u00e9, car comptant sur  le quitus de toute la population du district du Zanzan. Ce soutien lui a \u00e9t\u00e9 une fois de plus d\u00e9montr\u00e9 lors de son meeting \u00e0 Bondoukou. \u00c0 cette occasion, il a confirm\u00e9 sa candidature pour la candidature de l&#8217;\u00e9lection pr\u00e9sidentielle de 2025. Puis, il a d\u00e9voil\u00e9 son programme de soci\u00e9t\u00e9 qui est de faire de la C\u00f4te d\u2019Ivoire une R\u00e9publique F\u00e9d\u00e9rale. \u00ab Nous voulons faire de la C\u00f4te d\u2019Ivoire une R\u00e9publique F\u00e9d\u00e9rale compos\u00e9e de quatorze (14)  \u00c9tats avec \u00e0 la t\u00eate de chaque   \u00c9tat un gouverneur qui aura rang de chef  d&#8217;\u00c9tat. Ces \u00c9tats seront v\u00e9ritablement autonomes dans leur fonctionnement tout en cr\u00e9ant des ressources pour leur d\u00e9veloppement au profit de leurs populations \u00bb, a annonc\u00e9 K\u00e9vin Fi\u00e9ni. Selon lui, toutes les r\u00e9formes que Pro-C\u00f4te d\u2019Ivoire et son pr\u00e9sident veulent op\u00e9rer, une fois au pouvoir, toucheront tous les secteurs d\u2019activit\u00e9s au profit du peuple ivoirien.  L\u2019un des grands r\u00eaves de Fi\u00e9ni, est de sortir la C\u00f4te d&#8217;Ivoire de la pauvret\u00e9. \u00ab Le district du Zanzan regorge de beaucoup de ressources. Nous allons faire en sorte que les populations en b\u00e9n\u00e9ficient \u00bb, a-t-il promis tout en exhortant les populations \u00e0 fuir la cupidit\u00e9 et \u00e0 ne plus vendre leur dignit\u00e9. <\/p>\n<p>Ce sont plus de deux cents (200) associations de femmes venues de diff\u00e9rentes localit\u00e9s pour soutenir le pr\u00e9sident dans son ambition de prendre  les r\u00eanes de la C\u00f4te d\u2019Ivoire.<\/p>\n<p><strong>Olivier Dion avec A. Traor\u00e9 avec Sercom<\/strong><\/p>\n","protected":false},"excerpt":{"rendered":"<p>Le pr\u00e9sident du parti Pro-C\u00f4te d\u2019Ivoire pour la D\u00e9mocratie, la Prosp\u00e9rit\u00e9 et la Souverainet\u00e9 (Proci-Dps), Fi\u00e9ni Koffi K\u00e9vin, candidat d\u00e9clar\u00e9 \u00e0 l\u2019\u00e9lection pr\u00e9sidentielle de 2025, a anim\u00e9 un meeting le dimanche 8 d\u00e9cembre 2024 au stade du centre culturel de Bondoukou. Le pr\u00e9sident de Pro-C\u00f4te d\u2019Ivoire pour la d\u00e9mocratie, la prosp\u00e9rit\u00e9 et la souverainet\u00e9, Fi\u00e9ni [&hellip;]<\/p>\n","protected":false},"author":4,"featured_media":36273,"comment_status":"closed","ping_status":"closed","sticky":false,"template":"","format":"standard","meta":{"footnotes":""},"categories":[2,17],"tags":[4444,4445,1621],"class_list":["post-36272","post","type-post","status-publish","format-standard","has-post-thumbnail","hentry","category-featured","category-politique","tag-district-autonome-du-zanzan","tag-kevin-fieni","tag-presidentielle-2025"],"_links":{"self":[{"href":"https:\/\/www.lintelligentdabidjan.info\/news\/wp-json\/wp\/v2\/posts\/36272","targetHints":{"allow":["GET"]}}],"collection":[{"href":"https:\/\/www.lintelligentdabidjan.info\/news\/wp-json\/wp\/v2\/posts"}],"about":[{"href":"https:\/\/www.lintelligentdabidjan.info\/news\/wp-json\/wp\/v2\/types\/post"}],"author":[{"embeddable":true,"href":"https:\/\/www.lintelligentdabidjan.info\/news\/wp-json\/wp\/v2\/users\/4"}],"replies":[{"embeddable":true,"href":"https:\/\/www.lintelligentdabidjan.info\/news\/wp-json\/wp\/v2\/comments?post=36272"}],"version-history":[{"count":1,"href":"https:\/\/www.lintelligentdabidjan.info\/news\/wp-json\/wp\/v2\/posts\/36272\/revisions"}],"predecessor-version":[{"id":36274,"href":"https:\/\/www.lintelligentdabidjan.info\/news\/wp-json\/wp\/v2\/posts\/36272\/revisions\/36274"}],"wp:featuredmedia":[{"embeddable":true,"href":"https:\/\/www.lintelligentdabidjan.info\/news\/wp-json\/wp\/v2\/media\/36273"}],"wp:attachment":[{"href":"https:\/\/www.lintelligentdabidjan.info\/news\/wp-json\/wp\/v2\/media?parent=36272"}],"wp:term":[{"taxonomy":"category","embeddable":true,"href":"https:\/\/www.lintelligentdabidjan.info\/news\/wp-json\/wp\/v2\/categories?post=36272"},{"taxonomy":"post_tag","embeddable":true,"href":"https:\/\/www.lintelligentdabidjan.info\/news\/wp-json\/wp\/v2\/tags?post=36272"}],"curies":[{"name":"wp","href":"https:\/\/api.w.org\/{rel}","templated":true}]}}