{"id":36275,"date":"2024-12-16T05:56:45","date_gmt":"2024-12-16T04:56:45","guid":{"rendered":"https:\/\/www.lintelligentdabidjan.info\/news\/?p=36275"},"modified":"2024-12-16T05:57:12","modified_gmt":"2024-12-16T04:57:12","slug":"cloture-du-projet-aph-etfpe-vers-une-inclusion-des-personnes-en-situation-de-handicap","status":"publish","type":"post","link":"https:\/\/www.lintelligentdabidjan.info\/news\/cloture-du-projet-aph-etfpe-vers-une-inclusion-des-personnes-en-situation-de-handicap\/","title":{"rendered":"Cl\u00f4ture du projet Aph-Etfpe-  Vers une inclusion des personnes en situation de handicap"},"content":{"rendered":"<p><em><strong>La c\u00e9r\u00e9monie de cl\u00f4ture du projet Acc\u00e8s des personnes handicap\u00e9es \u00e0 l&#8217;enseignement technique, \u00e0 la formation professionnelle et \u00e0 l&#8217;emploi (Aph-Etfpe) s&#8217;est tenue le vendredi 13 d\u00e9cembre 2024 dans un h\u00f4tel d&#8217;Abidjan-Cocody-2 Plateaux-Vallons.<\/strong><\/em><\/p>\n<p>Dans le cadre de sa mission de promotion des droits des personnes en situation de handicap en C\u00f4te d&#8217;Ivoire, l&#8217;Ong Soci\u00e9t\u00e9 Sans Barri\u00e8re-C\u00f4te d&#8217;Ivoire a mis en \u0153uvre le projet \u00ab Acc\u00e8s des Personnes Handicap\u00e9es \u00e0 l&#8217;Enseignement Technique, \u00e0 la Formation Professionnelle et \u00e0 l&#8217;Emploi \u00bb. Moulot Annick, conseill\u00e8re technique du ministre de l&#8217;Enseignement Technique, de la Formation Professionnelle et de l&#8217;Apprentissage, repr\u00e9sentant le  ministre N&#8217;Guessan Koffi, a indiqu\u00e9 que ce projet, qui a dur\u00e9 trois ans, a \u00e9t\u00e9 mis en \u0153uvre dans sept localit\u00e9s de la C\u00f4te d&#8217;Ivoire. Le projet a mobilis\u00e9 un fonds de roulement de plus de 122 millions de francs Cfa pour financer les activit\u00e9s g\u00e9n\u00e9ratrices de revenus des personnes handicap\u00e9es, permettant ainsi l&#8217;autonomisation d&#8217;un bon nombre de personnes handicap\u00e9es non scolaris\u00e9es ou d\u00e9scolaris\u00e9es. \u00ab Ce projet vise \u00e0 am\u00e9liorer la qualit\u00e9 de vie et la situation socio-\u00e9conomique des personnes en situation de handicap en C\u00f4te d&#8217;Ivoire \u00e0 travers la reconnaissance et l&#8217;application concr\u00e8te de leurs droits \u00e0 la formation et \u00e0 l&#8217;emploi \u00bb, a-t-elle d\u00e9clar\u00e9. <\/p>\n<p>L\u2019ambassadeur de l&#8217;Allemagne en C\u00f4te d&#8217;Ivoire, Matthias Veltin, a appel\u00e9 \u00e0 un engagement de l&#8217;\u00c9tat, du secteur priv\u00e9 financier, mais aussi de la soci\u00e9t\u00e9 civile pour l&#8217;inclusion des personnes en situation de handicap. \u00ab On ne doit pas oublier les personnes en situation de handicap. L&#8217;inclusion des personnes en situation de handicap reste un d\u00e9fi. Cela exige beaucoup d&#8217;efforts et d&#8217;engagements. Il est impossible de tout laisser entre les mains de l&#8217;\u00c9tat \u00bb, a-t-il expliqu\u00e9.  Silu\u00e9 Seydou, porte-parole des organisations b\u00e9n\u00e9ficiaires, a exprim\u00e9 sa gratitude aux initiateurs et a plaid\u00e9 aupr\u00e8s de l&#8217;\u00c9tat. \u00abNous voulons plaider aupr\u00e8s des minist\u00e8res techniques et des agences \u00e9tatiques impliqu\u00e9es dans la gestion des projets pour les personnes handicap\u00e9es afin qu&#8217;ils continuent de croire en nous, en se tenant pr\u00eats \u00e0 accompagner les organisations de personnes handicap\u00e9es de C\u00f4te d&#8217;Ivoire dans toutes les circonstances, car elles sont capables. Nous souhaitons que l&#8217;\u00c9tat continue \u00e0 soutenir cette initiative de l&#8217;Ong Soci\u00e9t\u00e9 Sans Barri\u00e8re en nous accompagnant dans nos actions\u00bb, a-t-il conclu. Sangar\u00e9 Aby, responsable scientifique de l&#8217;Ong , a soulign\u00e9 que la p\u00e9rennisation de ce projet permettra \u00e0 la C\u00f4te d&#8217;Ivoire de r\u00e9aliser des avanc\u00e9es notables et durables dans le processus d&#8217;inclusion sociale des personnes handicap\u00e9es. <\/p>\n<p><strong>Mamadou Ouattara avec A. Traor\u00e9<\/strong><\/p>\n","protected":false},"excerpt":{"rendered":"<p>La c\u00e9r\u00e9monie de cl\u00f4ture du projet Acc\u00e8s des personnes handicap\u00e9es \u00e0 l&#8217;enseignement technique, \u00e0 la formation professionnelle et \u00e0 l&#8217;emploi (Aph-Etfpe) s&#8217;est tenue le vendredi 13 d\u00e9cembre 2024 dans un h\u00f4tel d&#8217;Abidjan-Cocody-2 Plateaux-Vallons. Dans le cadre de sa mission de promotion des droits des personnes en situation de handicap en C\u00f4te d&#8217;Ivoire, l&#8217;Ong Soci\u00e9t\u00e9 Sans [&hellip;]<\/p>\n","protected":false},"author":4,"featured_media":36276,"comment_status":"closed","ping_status":"closed","sticky":false,"template":"","format":"standard","meta":{"_monsterinsights_skip_tracking":false,"_monsterinsights_sitenote_active":false,"_monsterinsights_sitenote_note":"","_monsterinsights_sitenote_category":0,"footnotes":""},"categories":[2,3],"tags":[],"class_list":["post-36275","post","type-post","status-publish","format-standard","has-post-thumbnail","hentry","category-featured","category-societe"],"_links":{"self":[{"href":"https:\/\/www.lintelligentdabidjan.info\/news\/wp-json\/wp\/v2\/posts\/36275","targetHints":{"allow":["GET"]}}],"collection":[{"href":"https:\/\/www.lintelligentdabidjan.info\/news\/wp-json\/wp\/v2\/posts"}],"about":[{"href":"https:\/\/www.lintelligentdabidjan.info\/news\/wp-json\/wp\/v2\/types\/post"}],"author":[{"embeddable":true,"href":"https:\/\/www.lintelligentdabidjan.info\/news\/wp-json\/wp\/v2\/users\/4"}],"replies":[{"embeddable":true,"href":"https:\/\/www.lintelligentdabidjan.info\/news\/wp-json\/wp\/v2\/comments?post=36275"}],"version-history":[{"count":2,"href":"https:\/\/www.lintelligentdabidjan.info\/news\/wp-json\/wp\/v2\/posts\/36275\/revisions"}],"predecessor-version":[{"id":36278,"href":"https:\/\/www.lintelligentdabidjan.info\/news\/wp-json\/wp\/v2\/posts\/36275\/revisions\/36278"}],"wp:featuredmedia":[{"embeddable":true,"href":"https:\/\/www.lintelligentdabidjan.info\/news\/wp-json\/wp\/v2\/media\/36276"}],"wp:attachment":[{"href":"https:\/\/www.lintelligentdabidjan.info\/news\/wp-json\/wp\/v2\/media?parent=36275"}],"wp:term":[{"taxonomy":"category","embeddable":true,"href":"https:\/\/www.lintelligentdabidjan.info\/news\/wp-json\/wp\/v2\/categories?post=36275"},{"taxonomy":"post_tag","embeddable":true,"href":"https:\/\/www.lintelligentdabidjan.info\/news\/wp-json\/wp\/v2\/tags?post=36275"}],"curies":[{"name":"wp","href":"https:\/\/api.w.org\/{rel}","templated":true}]}}