{"id":36303,"date":"2024-12-18T02:29:52","date_gmt":"2024-12-18T01:29:52","guid":{"rendered":"https:\/\/www.lintelligentdabidjan.info\/news\/?p=36303"},"modified":"2024-12-18T02:35:33","modified_gmt":"2024-12-18T01:35:33","slug":"ceremonie-dhonneur-a-lembleme-national-au-college-prive-baly-ibo-de-bonon-yapi-claude-ogou-prefet-du-departement-insiste-sur-limportance-de-la-discipline","status":"publish","type":"post","link":"https:\/\/www.lintelligentdabidjan.info\/news\/ceremonie-dhonneur-a-lembleme-national-au-college-prive-baly-ibo-de-bonon-yapi-claude-ogou-prefet-du-departement-insiste-sur-limportance-de-la-discipline\/","title":{"rendered":"C\u00e9r\u00e9monie d\u2019honneur \u00e0 l\u2019Embl\u00e8me national au coll\u00e8ge priv\u00e9 Baly-Ib\u00f4 de Bonon :      Yapi Claude Ogou, pr\u00e9fet du d\u00e9partement insiste sur l\u2019importance de la discipline"},"content":{"rendered":"<p><em><strong>Le lundi 16 d\u00e9cembre 2024, le Coll\u00e8ge Priv\u00e9 Baly-Ib\u00f4 de Bonon a \u00e9t\u00e9 le cadre de la c\u00e9r\u00e9monie de cl\u00f4ture de la tourn\u00e9e d\u00e9di\u00e9e \u00e0 l\u2019hommage \u00e0 l\u2019embl\u00e8me national. Cette rencontre soutenue par l\u2019\u00c9tat, vise \u00e0 inculquer aux \u00e9l\u00e8ves les valeurs r\u00e9publicaines et le respect des symboles de la nation.<\/strong><\/em><\/p>\n<p>Dans son discours, Yapi Claude Ogou, pr\u00e9fet du d\u00e9partement de Bonon, a soulign\u00e9 l\u2019importance de la discipline et de l\u2019\u00e9ducation civique dans la formation des citoyens de demain :<\/p>\n<p>\u00ab Nous devons veiller \u00e0 ce que nos enfants restent disciplin\u00e9s et concentr\u00e9s sur leurs \u00e9tudes, car ce sont eux qui construiront la C\u00f4te d\u2019Ivoire de demain. \u00bb<\/p>\n<p>Le pr\u00e9fet a rappel\u00e9 que le salut au drapeau, instaur\u00e9 chaque lundi dans les \u00e9tablissements scolaires, est une initiative visant \u00e0 renforcer l\u2019amour de la patrie, le respect des symboles nationaux et la solidarit\u00e9 citoyenne. Ces valeurs, selon lui, sont essentielles pour pr\u00e9parer les \u00e9l\u00e8ves \u00e0 devenir des citoyens responsables et engag\u00e9s.<\/p>\n<p>Yapi Claude Ogou a \u00e9galement attir\u00e9 l\u2019attention sur les menaces auxquelles les \u00e9l\u00e8ves sont expos\u00e9s, notamment les grossesses pr\u00e9coces, la consommation d\u2019alcool et de drogues. En s\u2019adressant aux parents, il a insist\u00e9 sur leur r\u00f4le central dans l\u2019\u00e9ducation et la protection des enfants :<\/p>\n<p>\u00ab Une fois que l\u2019enfant quitte l\u2019\u00e9cole, il faut le surveiller de pr\u00e8s, car l\u2019environnement ext\u00e9rieur est de plus en plus dangereux. L\u2019\u00e9ducation d\u2019un enfant ne se limite pas aux moyens mat\u00e9riels, mais r\u00e9side aussi dans l\u2019attitude et l\u2019attention des parents. \u00bb<\/p>\n<p>Il a par ailleurs salu\u00e9 la coop\u00e9ration entre les forces de l\u2019ordre, les enseignants et les communaut\u00e9s locales, qui a permis une nette am\u00e9lioration du climat scolaire ces derni\u00e8res ann\u00e9es.<\/p>\n<p><strong>Un bilan positif des actions de sensibilisation<\/strong><\/p>\n<p>Au nom du directeur r\u00e9gional de l\u2019\u00c9ducation nationale de Bouafl\u00e9, Effou\u00e9 Ponon, proviseur du Lyc\u00e9e Moderne de Bonon, a pr\u00e9sent\u00e9 un bilan encourageant des deux mois de sensibilisation men\u00e9s dans les \u00e9tablissements scolaires du d\u00e9partement.<\/p>\n<p>Il a relev\u00e9 des progr\u00e8s significatifs parmi les \u00e9l\u00e8ves, marqu\u00e9s par un recul des comportements \u00e0 risque tels que la consommation de drogues et d\u2019alcool, ainsi qu\u2019une am\u00e9lioration des performances scolaires.<\/p>\n<p><strong>\u00ab Le message a \u00e9t\u00e9 re\u00e7u, et les effets sont ind\u00e9niablement positifs. \u00bb<\/strong><\/p>\n<p>Effou\u00e9 Ponon a \u00e9galement rappel\u00e9 l\u2019importance de l\u2019implication des parents, soulignant que leur responsabilit\u00e9 va au-del\u00e0 des portes de l\u2019\u00e9cole.<\/p>\n<p>Fort du succ\u00e8s de cette tourn\u00e9e, les autorit\u00e9s ont annonc\u00e9 sa reconduction en 2025, afin de continuer \u00e0 promouvoir les valeurs r\u00e9publicaines et le civisme aupr\u00e8s des \u00e9l\u00e8ves du d\u00e9partement.<\/p>\n<p><strong>Beker Yao<\/strong><\/p>\n<p>&nbsp;<\/p>\n","protected":false},"excerpt":{"rendered":"<p>Le lundi 16 d\u00e9cembre 2024, le Coll\u00e8ge Priv\u00e9 Baly-Ib\u00f4 de Bonon a \u00e9t\u00e9 le cadre de la c\u00e9r\u00e9monie de cl\u00f4ture de la tourn\u00e9e d\u00e9di\u00e9e \u00e0 l\u2019hommage \u00e0 l\u2019embl\u00e8me national. Cette rencontre soutenue par l\u2019\u00c9tat, vise \u00e0 inculquer aux \u00e9l\u00e8ves les valeurs r\u00e9publicaines et le respect des symboles de la nation. Dans son discours, Yapi Claude [&hellip;]<\/p>\n","protected":false},"author":4,"featured_media":36308,"comment_status":"closed","ping_status":"closed","sticky":false,"template":"","format":"standard","meta":{"_monsterinsights_skip_tracking":false,"_monsterinsights_sitenote_active":false,"_monsterinsights_sitenote_note":"","_monsterinsights_sitenote_category":0,"footnotes":""},"categories":[2,3],"tags":[4455,4458,4454,4457,4456],"class_list":["post-36303","post","type-post","status-publish","format-standard","has-post-thumbnail","hentry","category-featured","category-societe","tag-college-prive-baly-ibo-de-bonon","tag-discipline","tag-embleme-national","tag-prefet-du-departement","tag-yapi-claude-ogou"],"_links":{"self":[{"href":"https:\/\/www.lintelligentdabidjan.info\/news\/wp-json\/wp\/v2\/posts\/36303","targetHints":{"allow":["GET"]}}],"collection":[{"href":"https:\/\/www.lintelligentdabidjan.info\/news\/wp-json\/wp\/v2\/posts"}],"about":[{"href":"https:\/\/www.lintelligentdabidjan.info\/news\/wp-json\/wp\/v2\/types\/post"}],"author":[{"embeddable":true,"href":"https:\/\/www.lintelligentdabidjan.info\/news\/wp-json\/wp\/v2\/users\/4"}],"replies":[{"embeddable":true,"href":"https:\/\/www.lintelligentdabidjan.info\/news\/wp-json\/wp\/v2\/comments?post=36303"}],"version-history":[{"count":3,"href":"https:\/\/www.lintelligentdabidjan.info\/news\/wp-json\/wp\/v2\/posts\/36303\/revisions"}],"predecessor-version":[{"id":36310,"href":"https:\/\/www.lintelligentdabidjan.info\/news\/wp-json\/wp\/v2\/posts\/36303\/revisions\/36310"}],"wp:featuredmedia":[{"embeddable":true,"href":"https:\/\/www.lintelligentdabidjan.info\/news\/wp-json\/wp\/v2\/media\/36308"}],"wp:attachment":[{"href":"https:\/\/www.lintelligentdabidjan.info\/news\/wp-json\/wp\/v2\/media?parent=36303"}],"wp:term":[{"taxonomy":"category","embeddable":true,"href":"https:\/\/www.lintelligentdabidjan.info\/news\/wp-json\/wp\/v2\/categories?post=36303"},{"taxonomy":"post_tag","embeddable":true,"href":"https:\/\/www.lintelligentdabidjan.info\/news\/wp-json\/wp\/v2\/tags?post=36303"}],"curies":[{"name":"wp","href":"https:\/\/api.w.org\/{rel}","templated":true}]}}