{"id":36311,"date":"2024-12-19T05:46:00","date_gmt":"2024-12-19T04:46:00","guid":{"rendered":"https:\/\/www.lintelligentdabidjan.info\/news\/?p=36311"},"modified":"2024-12-19T05:46:00","modified_gmt":"2024-12-19T04:46:00","slug":"agboville-arbre-de-noel-le-groupe-scolaire-afrixexcellence-cadeaute-plus-de-120-enfants","status":"publish","type":"post","link":"https:\/\/www.lintelligentdabidjan.info\/news\/agboville-arbre-de-noel-le-groupe-scolaire-afrixexcellence-cadeaute-plus-de-120-enfants\/","title":{"rendered":"Agboville-Arbre de No\u00ebl-  Le groupe scolaire Afrixexcellence cadeaute plus de 120 enfants"},"content":{"rendered":"<p><em><strong>\u00c0 quelques jours de la c\u00e9l\u00e9bration de la f\u00eate de No\u00ebl, Tour\u00e9 Yacouba, fondateur du groupe scolaire Afrixexcellence Turey et 2i\u00e8me adjoint au maire d&#8217;Agboville, a pris le devant, en offrant, le mardi 17 d\u00e9cembre, au sein de son \u00e9tablissement scolaire, un arbre de No\u00ebl \u00e0 120 \u00e9l\u00e8ves de la maternelle au cours pr\u00e9paratoire deuxi\u00e8me ann\u00e9e (CP2) issus dudit \u00e9tablissement. <\/strong><\/em><\/p>\n<p>Pr\u00e9sident de ladite c\u00e9r\u00e9monie, Tour\u00e9 Yacouba dit SFR, fondateur du groupe scolaire Afrixexcellence Turey, a voulu communier avec les tout-petits en leur distribuant de nombreux cadeaux. \u00ab Certaines personnes pensent que nous avons cr\u00e9\u00e9 cette \u00e9cole pour faire du business. Mais, ici (ndlr : \u00e0 Afrixexcellence ), vous m\u00eames les parents, pouvez t\u00e9moigner que c&#8217;est purement le social et non le business que nous faisons \u00bb, a martel\u00e9 le fondateur. Il a, aussi, fait savoir aux parents des pensionnaires que \u00ab l&#8217;\u00e9cole ne doit pas \u00eatre un refuge mais plut\u00f4t un endroit d&#8217;apprentissage \u00bb. C&#8217;est pourquoi, il a exhort\u00e9 les parents d&#8217;\u00e9l\u00e8ves \u00e0 jouer leur partition dans l&#8217;\u00e9ducation des tout-petits. Parrain de la c\u00e9r\u00e9monie, Sanogo Mamadou, cadre aux Imp\u00f4ts, a retrac\u00e9 les liens d&#8217;amiti\u00e9 et de fraternit\u00e9 qui l&#8217;unissent au fondateur et les raisons de sa pr\u00e9sence \u00e0 cette c\u00e9r\u00e9monie. \u00ab Je n&#8217;ai pas h\u00e9sit\u00e9 une seule seconde parce qu&#8217;il s&#8217;agit non seulement des enfants mais aussi d&#8217;une invitation venant de mon fr\u00e8re Tour\u00e9 Yacouba, le 2i\u00e8me adjoint au maire d&#8217;Agboville. Enfants d&#8217;Agboville ayant fait nos premi\u00e8res classes dans la m\u00eame ville et voir l&#8217;initiative de mon fr\u00e8re SFR qui est en train de perp\u00e9tuer l&#8217;\u00e9ducation et le savoir, je ne peux que l&#8217;accompagner dans cette \u0153uvre gigantesque et importante \u00bb, a laiss\u00e9 entendre Sanogo Mamadou, le parrain.<\/p>\n<p>Quant \u00e0 Dosso El Lassina, directeur des \u00e9tudes (DE), il a situ\u00e9 le contexte dans lequel cette f\u00eate a \u00e9t\u00e9 organis\u00e9e. \u00ab Cette f\u00eate est une occasion particuli\u00e8re de c\u00e9l\u00e9brer non seulement la Magie de No\u00ebl mais aussi l&#8217;importance de l&#8217;unit\u00e9 et de l&#8217;amour dans notre communaut\u00e9 scolaire. No\u00ebl est un moment o\u00f9 nous partageons nos sourires, nos rires et nos r\u00eaves des valeurs que nous transmettons \u00e0 chaque \u00e9tape de l&#8217;ann\u00e9e dans notre \u00e9cole (&#8230;) Nous avons pour mission d&#8217;offrir \u00e0 nos \u00e9l\u00e8ves non seulement un enseignement de qualit\u00e9 mais aussi un lieu o\u00f9 ils se sentent \u00e9cout\u00e9s, respect\u00e9s et accompagn\u00e9s dans leur \u00e9panouissement personnel&#8230;chers enfants, amusez-vous et profitez de chaque instant&#8230;\u00bb, a soulign\u00e9 Dosso El Lassina, le DE.<\/p>\n<p><strong>Ahou Moay\u00e9 \u00e0 Agboville<\/strong><\/p>\n","protected":false},"excerpt":{"rendered":"<p>\u00c0 quelques jours de la c\u00e9l\u00e9bration de la f\u00eate de No\u00ebl, Tour\u00e9 Yacouba, fondateur du groupe scolaire Afrixexcellence Turey et 2i\u00e8me adjoint au maire d&#8217;Agboville, a pris le devant, en offrant, le mardi 17 d\u00e9cembre, au sein de son \u00e9tablissement scolaire, un arbre de No\u00ebl \u00e0 120 \u00e9l\u00e8ves de la maternelle au cours pr\u00e9paratoire deuxi\u00e8me [&hellip;]<\/p>\n","protected":false},"author":4,"featured_media":36312,"comment_status":"closed","ping_status":"closed","sticky":false,"template":"","format":"standard","meta":{"_monsterinsights_skip_tracking":false,"_monsterinsights_sitenote_active":false,"_monsterinsights_sitenote_note":"","_monsterinsights_sitenote_category":0,"footnotes":""},"categories":[2,3],"tags":[255,1599,497,4459],"class_list":["post-36311","post","type-post","status-publish","format-standard","has-post-thumbnail","hentry","category-featured","category-societe","tag-agboville","tag-arbre-de-noel","tag-enfants","tag-groupe-scolaire-afrixexcellence"],"_links":{"self":[{"href":"https:\/\/www.lintelligentdabidjan.info\/news\/wp-json\/wp\/v2\/posts\/36311","targetHints":{"allow":["GET"]}}],"collection":[{"href":"https:\/\/www.lintelligentdabidjan.info\/news\/wp-json\/wp\/v2\/posts"}],"about":[{"href":"https:\/\/www.lintelligentdabidjan.info\/news\/wp-json\/wp\/v2\/types\/post"}],"author":[{"embeddable":true,"href":"https:\/\/www.lintelligentdabidjan.info\/news\/wp-json\/wp\/v2\/users\/4"}],"replies":[{"embeddable":true,"href":"https:\/\/www.lintelligentdabidjan.info\/news\/wp-json\/wp\/v2\/comments?post=36311"}],"version-history":[{"count":1,"href":"https:\/\/www.lintelligentdabidjan.info\/news\/wp-json\/wp\/v2\/posts\/36311\/revisions"}],"predecessor-version":[{"id":36313,"href":"https:\/\/www.lintelligentdabidjan.info\/news\/wp-json\/wp\/v2\/posts\/36311\/revisions\/36313"}],"wp:featuredmedia":[{"embeddable":true,"href":"https:\/\/www.lintelligentdabidjan.info\/news\/wp-json\/wp\/v2\/media\/36312"}],"wp:attachment":[{"href":"https:\/\/www.lintelligentdabidjan.info\/news\/wp-json\/wp\/v2\/media?parent=36311"}],"wp:term":[{"taxonomy":"category","embeddable":true,"href":"https:\/\/www.lintelligentdabidjan.info\/news\/wp-json\/wp\/v2\/categories?post=36311"},{"taxonomy":"post_tag","embeddable":true,"href":"https:\/\/www.lintelligentdabidjan.info\/news\/wp-json\/wp\/v2\/tags?post=36311"}],"curies":[{"name":"wp","href":"https:\/\/api.w.org\/{rel}","templated":true}]}}