{"id":36326,"date":"2024-12-20T05:29:47","date_gmt":"2024-12-20T04:29:47","guid":{"rendered":"https:\/\/www.lintelligentdabidjan.info\/news\/?p=36326"},"modified":"2024-12-20T05:29:53","modified_gmt":"2024-12-20T04:29:53","slug":"cloture-des-sessions-2024-du-senat-kandia-camara-salue-le-chemin-parcouru-et-evoque-la-presidentielle-2025","status":"publish","type":"post","link":"https:\/\/www.lintelligentdabidjan.info\/news\/cloture-des-sessions-2024-du-senat-kandia-camara-salue-le-chemin-parcouru-et-evoque-la-presidentielle-2025\/","title":{"rendered":"Cl\u00f4ture des sessions 2024 du S\u00e9nat- Kandia Camara salue le chemin parcouru et \u00e9voque la pr\u00e9sidentielle 2025"},"content":{"rendered":"<p><em><strong>En pr\u00e9sence de personnalit\u00e9s politiques et diplomatiques, la pr\u00e9sidente du S\u00e9nat ivoirien, Kandia Camara, a cl\u00f4tur\u00e9 le jeudi 19 d\u00e9cembre 2024, la deuxi\u00e8me session ordinaire de l\u2019ann\u00e9e 2024, \u00e0 la Fondation F\u00e9lix Houphou\u00ebt-Boigny pour la Recherche de la Paix, \u00e0 Yamoussoukro. <\/strong><\/em><\/p>\n<p>L\u2019occasion pour elle de dresser un bilan des r\u00e9alisations de l\u2019institution depuis sa cr\u00e9ation en avril 2018 et de r\u00e9affirmer l\u2019importance du r\u00f4le jou\u00e9 par le S\u00e9nat dans le d\u00e9veloppement de la C\u00f4te d\u2019Ivoire, tout en lan\u00e7ant un appel \u00e0 la paix et \u00e0 une \u00e9lection fair play et sereine en 2025 en C\u00f4te d\u2019Ivoire.<\/p>\n<p><strong>Un bilan riche en r\u00e9alisations<\/strong><\/p>\n<p>Dans son discours, Kandia Camara a rappel\u00e9 les avanc\u00e9es enregistr\u00e9es par le S\u00e9nat en six ann\u00e9es d\u2019existence. Elle a particuli\u00e8rement mis en exergue l\u2019organisation r\u00e9ussie de deux \u00e9v\u00e9nements internationaux en 2024 :<\/p>\n<p>\u2022 Le colloque des S\u00e9nats d\u2019Afrique, qui a conduit \u00e0 la cr\u00e9ation de l\u2019Association des S\u00e9nats d\u2019Afrique, dont Yamoussoukro abritera le si\u00e8ge. Pour rappel, Kandia Camara avait \u00e9t\u00e9 d\u00e9sign\u00e9e \u00e0 l\u2019unanimit\u00e9 pour pr\u00e9sider cette association interparlementaire pendant un an.<\/p>\n<p>\u2022 Le Forum de la Diaspora ivoirienne, coorganis\u00e9 avec le minist\u00e8re des Affaires \u00e9trang\u00e8res, qui a permis de renforcer les liens entre les Ivoiriens de l\u2019ext\u00e9rieur et leur pays d\u2019origine.<\/p>\n<p>\u201cDepuis 2018, que de chemin parcouru par notre chambre ! Ces succ\u00e8s t\u00e9moignent de notre d\u00e9termination \u00e0 jouer un r\u00f4le central dans le d\u00e9veloppement de notre pays et dans la diplomatie parlementaire,\u201d a d\u00e9clar\u00e9 Kandia Camara.<\/p>\n<p><strong>Un travail l\u00e9gislatif au service des Ivoiriens<\/strong><\/p>\n<p>Au cours de cette session, le S\u00e9nat a adopt\u00e9 sept projets de loi, parmi lesquels :<\/p>\n<p>\u2022 Le projet de loi autorisant la ratification de l\u2019Accord portant cr\u00e9ation de la Banque Europ\u00e9enne pour la Reconstruction et le D\u00e9veloppement (BERD).<\/p>\n<p>\u2022 Les codes de d\u00e9ontologie pour les professions infirmi\u00e8re, sage-femme et ma\u00efeuticien, visant \u00e0 am\u00e9liorer la qualit\u00e9 des soins et \u00e0 r\u00e9duire la mortalit\u00e9 maternelle et infantile.<\/p>\n<p>\u2022 Le projet de loi de finances portant budget de l\u2019\u00c9tat pour 2025, s&#8217;\u00e9l\u00e8ve \u00e0 15 339 milliards de FCFA, marquant une hausse de 11,8 % par rapport \u00e0 2024.<\/p>\n<p>Ces d\u00e9cisions traduisent l\u2019engagement du S\u00e9nat \u00e0 soutenir les politiques publiques du gouvernement pour le progr\u00e8s \u00e9conomique et social.<\/p>\n<p><strong>Des d\u00e9fis \u00e0 relever et un engagement pour l\u2019avenir<\/strong><\/p>\n<p>La pr\u00e9sidente du S\u00e9nat a \u00e9galement \u00e9voqu\u00e9 les d\u00e9fis majeurs \u00e0 venir, notamment la lutte contre l\u2019orpaillage ill\u00e9gal, qui repr\u00e9sente une menace pour la qualit\u00e9 de vie des populations. Elle a appel\u00e9 les s\u00e9nateurs \u00e0 aller \u00e0 la rencontre des citoyens pour les sensibiliser et renforcer leur engagement envers l\u2019\u00c9tat.<\/p>\n<p>En outre, Kandia Camara a r\u00e9it\u00e9r\u00e9 son appel \u00e0 des \u00e9lections pr\u00e9sidentielles apais\u00e9es en 2025, exhortant les Ivoiriens \u00e0 cultiver la paix et le vivre-ensemble.<\/p>\n<p>\u201cLa culture de la paix, h\u00e9rit\u00e9e du Pr\u00e9sident F\u00e9lix Houphou\u00ebt-Boigny, doit guider chacune de nos actions. Ensemble, nous pouvons garantir des \u00e9lections dans la s\u00e9r\u00e9nit\u00e9 et le fair-play,\u201d a-t-elle soulign\u00e9.<\/p>\n<p><strong>Un message de gratitude et d\u2019espoir<\/strong><\/p>\n<p>Kandia Camara a conclu son discours en exprimant sa gratitude envers le Pr\u00e9sident Alassane Ouattara ( repr\u00e9sent\u00e9 par le pr\u00e9sident du CESEC Aka Aou\u00e9l\u00e9 ) pour sa confiance et son soutien constant au S\u00e9nat. Elle a salu\u00e9 la collaboration fructueuse entre les diff\u00e9rentes institutions de la R\u00e9publique, tout en encourageant les s\u00e9nateurs \u00e0 continuer de travailler avec d\u00e9termination pour faire rayonner l\u2019institution au niveau national et international.<\/p>\n<p>\u201cLe S\u00e9nat continuera d\u2019\u00eatre un acteur cl\u00e9 dans la construction d\u2019une C\u00f4te d\u2019Ivoire prosp\u00e8re, unie et respectueuse des g\u00e9n\u00e9rations futures,\u201d a-t-elle affirm\u00e9 avant de souhaiter de joyeuses f\u00eates de fin d\u2019ann\u00e9e \u00e0 tous les pr\u00e9sents.<\/p>\n<p>Rendez-vous est pris pour le 29 janvier 2025, date d\u2019ouverture de la premi\u00e8re session ordinaire de l\u2019ann\u00e9e prochaine.<\/p>\n<p><strong>Charles Kouassi<\/strong><\/p>\n","protected":false},"excerpt":{"rendered":"<p>En pr\u00e9sence de personnalit\u00e9s politiques et diplomatiques, la pr\u00e9sidente du S\u00e9nat ivoirien, Kandia Camara, a cl\u00f4tur\u00e9 le jeudi 19 d\u00e9cembre 2024, la deuxi\u00e8me session ordinaire de l\u2019ann\u00e9e 2024, \u00e0 la Fondation F\u00e9lix Houphou\u00ebt-Boigny pour la Recherche de la Paix, \u00e0 Yamoussoukro. L\u2019occasion pour elle de dresser un bilan des r\u00e9alisations de l\u2019institution depuis sa cr\u00e9ation [&hellip;]<\/p>\n","protected":false},"author":4,"featured_media":36327,"comment_status":"closed","ping_status":"closed","sticky":false,"template":"","format":"standard","meta":{"_monsterinsights_skip_tracking":false,"_monsterinsights_sitenote_active":false,"_monsterinsights_sitenote_note":"","_monsterinsights_sitenote_category":0,"footnotes":""},"categories":[2,17],"tags":[4463,336,1621,565],"class_list":["post-36326","post","type-post","status-publish","format-standard","has-post-thumbnail","hentry","category-featured","category-politique","tag-cloture-des-sessions-2024","tag-kandia-camara","tag-presidentielle-2025","tag-senat"],"_links":{"self":[{"href":"https:\/\/www.lintelligentdabidjan.info\/news\/wp-json\/wp\/v2\/posts\/36326","targetHints":{"allow":["GET"]}}],"collection":[{"href":"https:\/\/www.lintelligentdabidjan.info\/news\/wp-json\/wp\/v2\/posts"}],"about":[{"href":"https:\/\/www.lintelligentdabidjan.info\/news\/wp-json\/wp\/v2\/types\/post"}],"author":[{"embeddable":true,"href":"https:\/\/www.lintelligentdabidjan.info\/news\/wp-json\/wp\/v2\/users\/4"}],"replies":[{"embeddable":true,"href":"https:\/\/www.lintelligentdabidjan.info\/news\/wp-json\/wp\/v2\/comments?post=36326"}],"version-history":[{"count":1,"href":"https:\/\/www.lintelligentdabidjan.info\/news\/wp-json\/wp\/v2\/posts\/36326\/revisions"}],"predecessor-version":[{"id":36328,"href":"https:\/\/www.lintelligentdabidjan.info\/news\/wp-json\/wp\/v2\/posts\/36326\/revisions\/36328"}],"wp:featuredmedia":[{"embeddable":true,"href":"https:\/\/www.lintelligentdabidjan.info\/news\/wp-json\/wp\/v2\/media\/36327"}],"wp:attachment":[{"href":"https:\/\/www.lintelligentdabidjan.info\/news\/wp-json\/wp\/v2\/media?parent=36326"}],"wp:term":[{"taxonomy":"category","embeddable":true,"href":"https:\/\/www.lintelligentdabidjan.info\/news\/wp-json\/wp\/v2\/categories?post=36326"},{"taxonomy":"post_tag","embeddable":true,"href":"https:\/\/www.lintelligentdabidjan.info\/news\/wp-json\/wp\/v2\/tags?post=36326"}],"curies":[{"name":"wp","href":"https:\/\/api.w.org\/{rel}","templated":true}]}}