{"id":36342,"date":"2024-12-23T06:54:46","date_gmt":"2024-12-23T05:54:46","guid":{"rendered":"https:\/\/www.lintelligentdabidjan.info\/news\/?p=36342"},"modified":"2024-12-23T06:54:46","modified_gmt":"2024-12-23T05:54:46","slug":"arrestation-de-gala-kolebi-dano-djedje-denonce-au-nom-du-ppa-ci","status":"publish","type":"post","link":"https:\/\/www.lintelligentdabidjan.info\/news\/arrestation-de-gala-kolebi-dano-djedje-denonce-au-nom-du-ppa-ci\/","title":{"rendered":"Arrestation de Gala Kolebi &#8211;  Dano Dj\u00e9dj\u00e9 d\u00e9nonce au nom du PPA-CI"},"content":{"rendered":"<p><em><strong>L\u2019arrestation de l\u2019activiste pro-Gbagbo Gala Kolebi, survenue dans la nuit du 19 d\u00e9cembre 2024 \u00e0 Bingerville, a suscit\u00e9 une r\u00e9action du Parti des Peuples Africains-C\u00f4te d\u2019Ivoire (PPA-CI). En effet , le pr\u00e9sident ex\u00e9cutif du parti, S\u00e9bastien Dano Dj\u00e9dj\u00e9, a tenu une conf\u00e9rence de presse le vendredi 20 d\u00e9cembre 2024 pour d\u00e9noncer ce qu\u2019il qualifie d\u2019enl\u00e8vement et alerter l\u2019opinion publique nationale et internationale.<\/strong><\/em><\/p>\n<p>Dano Dj\u00e9dj\u00e9 a dit lors de la conf\u00e9rence : \u00ab Dans la nuit du 19 d\u00e9cembre, notre ami Kolebi Gala a \u00e9t\u00e9 enlev\u00e9 \u00e0 son domicile \u00e0 Bingerville, \u00e0 20h10, par des hommes encagoul\u00e9s. Ils ont fait irruption chez lui et l\u2019ont emmen\u00e9 dans une fourgonnette. Nous ne pouvons pas accepter une telle situation. \u00bb<\/p>\n<p>Il a compar\u00e9 cette arrestation \u00e0 d\u2019autres situations similaires, affirmant que le r\u00e9gime en place utilise des m\u00e9thodes qu\u2019il qualifie de terroristes : \u00ab Ce n\u2019est pas la premi\u00e8re fois que nous subissons de telles attaques. Nous nous souvenons du cas de Rodel et m\u00eame de mon arrestation en 2015. Si le procureur cautionne de telles op\u00e9rations, alors je ne sais plus dans quel \u00c9tat nous vivons. \u00bb<\/p>\n<p><strong>Un appel \u00e0 la vigilance des militants<\/strong><\/p>\n<p>Pour Dano Dj\u00e9dj\u00e9, cet \u00e9v\u00e9nement s\u2019inscrit dans une strat\u00e9gie visant \u00e0 affaiblir le PPA-CI \u00e0 l\u2019approche de l\u2019\u00e9lection pr\u00e9sidentielle de 2025 :<\/p>\n<p>\u00ab Cette situation est une man\u0153uvre du parti au pouvoir pour d\u00e9tourner l\u2019attention de nos militants et briser notre \u00e9lan vers la victoire en 2025. Nous devons rester concentr\u00e9s sur nos objectifs. \u00bb<\/p>\n<p>Le pr\u00e9sident ex\u00e9cutif du PPA-CI a exhort\u00e9 les militants \u00e0 garder leur calme, tout en r\u00e9affirmant la d\u00e9termination du parti \u00e0 lutter contre ce qu\u2019il per\u00e7oit comme des abus de pouvoir.<\/p>\n<p><strong>Mamadou Ouattara avec G\u00e9rard Batoua<\/strong><\/p>\n","protected":false},"excerpt":{"rendered":"<p>L\u2019arrestation de l\u2019activiste pro-Gbagbo Gala Kolebi, survenue dans la nuit du 19 d\u00e9cembre 2024 \u00e0 Bingerville, a suscit\u00e9 une r\u00e9action du Parti des Peuples Africains-C\u00f4te d\u2019Ivoire (PPA-CI). En effet , le pr\u00e9sident ex\u00e9cutif du parti, S\u00e9bastien Dano Dj\u00e9dj\u00e9, a tenu une conf\u00e9rence de presse le vendredi 20 d\u00e9cembre 2024 pour d\u00e9noncer ce qu\u2019il qualifie d\u2019enl\u00e8vement [&hellip;]<\/p>\n","protected":false},"author":4,"featured_media":36343,"comment_status":"closed","ping_status":"closed","sticky":false,"template":"","format":"standard","meta":{"_monsterinsights_skip_tracking":false,"_monsterinsights_sitenote_active":false,"_monsterinsights_sitenote_note":"","_monsterinsights_sitenote_category":0,"footnotes":""},"categories":[2,17],"tags":[4464,4466,4465,1393],"class_list":["post-36342","post","type-post","status-publish","format-standard","has-post-thumbnail","hentry","category-featured","category-politique","tag-arrestation","tag-dano-djedje","tag-gala-kolebi","tag-ppa-ci"],"_links":{"self":[{"href":"https:\/\/www.lintelligentdabidjan.info\/news\/wp-json\/wp\/v2\/posts\/36342","targetHints":{"allow":["GET"]}}],"collection":[{"href":"https:\/\/www.lintelligentdabidjan.info\/news\/wp-json\/wp\/v2\/posts"}],"about":[{"href":"https:\/\/www.lintelligentdabidjan.info\/news\/wp-json\/wp\/v2\/types\/post"}],"author":[{"embeddable":true,"href":"https:\/\/www.lintelligentdabidjan.info\/news\/wp-json\/wp\/v2\/users\/4"}],"replies":[{"embeddable":true,"href":"https:\/\/www.lintelligentdabidjan.info\/news\/wp-json\/wp\/v2\/comments?post=36342"}],"version-history":[{"count":1,"href":"https:\/\/www.lintelligentdabidjan.info\/news\/wp-json\/wp\/v2\/posts\/36342\/revisions"}],"predecessor-version":[{"id":36344,"href":"https:\/\/www.lintelligentdabidjan.info\/news\/wp-json\/wp\/v2\/posts\/36342\/revisions\/36344"}],"wp:featuredmedia":[{"embeddable":true,"href":"https:\/\/www.lintelligentdabidjan.info\/news\/wp-json\/wp\/v2\/media\/36343"}],"wp:attachment":[{"href":"https:\/\/www.lintelligentdabidjan.info\/news\/wp-json\/wp\/v2\/media?parent=36342"}],"wp:term":[{"taxonomy":"category","embeddable":true,"href":"https:\/\/www.lintelligentdabidjan.info\/news\/wp-json\/wp\/v2\/categories?post=36342"},{"taxonomy":"post_tag","embeddable":true,"href":"https:\/\/www.lintelligentdabidjan.info\/news\/wp-json\/wp\/v2\/tags?post=36342"}],"curies":[{"name":"wp","href":"https:\/\/api.w.org\/{rel}","templated":true}]}}