{"id":36348,"date":"2024-12-23T06:59:54","date_gmt":"2024-12-23T05:59:54","guid":{"rendered":"https:\/\/www.lintelligentdabidjan.info\/news\/?p=36348"},"modified":"2024-12-23T07:00:28","modified_gmt":"2024-12-23T06:00:28","slug":"religion-la-communaute-ahmadiyya-reaffirme-son-engagement-en-faveur-de-la-paix","status":"publish","type":"post","link":"https:\/\/www.lintelligentdabidjan.info\/news\/religion-la-communaute-ahmadiyya-reaffirme-son-engagement-en-faveur-de-la-paix\/","title":{"rendered":"Religion -La communaut\u00e9 Ahmadiyya r\u00e9affirme son engagement en faveur de la paix"},"content":{"rendered":"<p><em><strong>La communaut\u00e9 musulmane Ahmadiyya de C\u00f4te d&#8217;Ivoire a c\u00e9l\u00e9br\u00e9 sa 38e Convention annuelle, appel\u00e9e &#8221;Jalsa Salana&#8221;, le samedi 21 d\u00e9cembre 2024, sur son site Mahdi Abad \u00e0 Abidjan-Yopougon.<\/strong><\/em><\/p>\n<p>\u00c0 cette occasion, l&#8217;Amir et Missionnaire en chef de la communaut\u00e9 Ahmadiyya a pr\u00e9sent\u00e9 le bilan des activit\u00e9s men\u00e9es par la communaut\u00e9. Il a soulign\u00e9 que plusieurs actions \u00e0 caract\u00e8re socio-humanitaire ont \u00e9t\u00e9 entreprises pour contribuer au d\u00e9veloppement du pays. Parmi ces r\u00e9alisations figurent la construction de 121 mosqu\u00e9es entre 1961, date de l&#8217;implantation de la communaut\u00e9 en C\u00f4te d&#8217;Ivoire, et 2023, avec l&#8217;inauguration de 7 nouvelles mosqu\u00e9es entre 2023 et 2024 ; l\u2019installation de biblioth\u00e8ques contenant pr\u00e8s de 800 ouvrages chacune pour favoriser l\u2019acquisition des connaissances islamiques ; la construction d\u2019un centre m\u00e9dico-social \u00e0 Abidjan et d\u2019un dispensaire dans la ville d\u2019Oum\u00e9 ; la construction de dix \u00e9coles primaires la\u00efques.<\/p>\n<p>L\u2019Amir a \u00e9galement mis en lumi\u00e8re les efforts de la communaut\u00e9 pour la promotion de la paix en C\u00f4te d\u2019Ivoire, \u00e0 travers l\u2019organisation de conf\u00e9rences et d\u2019\u00e9v\u00e9nements rassemblant des milliers de participants chaque ann\u00e9e. &#8220;Depuis 2016, et plus pr\u00e9cis\u00e9ment chaque 15 novembre, une journ\u00e9e d\u00e9di\u00e9e \u00e0 la paix, nous organisons des d\u00e9fil\u00e9s pour exprimer notre engagement ind\u00e9fectible en faveur de la paix&#8221;, a-t-il d\u00e9clar\u00e9.<\/p>\n<p><strong> Le message du pr\u00e9fet d&#8217;Abidjan \u00e0 la communaut\u00e9 Ahmadiyya <\/strong><\/p>\n<p>Apr\u00e8s avoir salu\u00e9 ce bilan, Sindou Dosso, secr\u00e9taire g\u00e9n\u00e9ral 1 de la pr\u00e9fecture d\u2019Abidjan, repr\u00e9sentant le pr\u00e9fet Andjoua Koua, a encourag\u00e9 la communaut\u00e9 Ahmadiyya \u00e0 continuer de promouvoir la paix, la coh\u00e9sion et la convivialit\u00e9. Il a insist\u00e9 sur la n\u00e9cessit\u00e9 pour la communaut\u00e9 d\u2019\u00eatre un acteur cl\u00e9 dans l\u2019atteinte de cet objectif, soulignant que &#8220;sans la paix, rien n&#8217;est possible.&#8221;<\/p>\n<p>Le Jalsa Salana, ou convention annuelle, est une rencontre spirituelle visant \u00e0 rassembler les membres de la communaut\u00e9 Ahmadiyya pour leur permettre d\u2019approfondir leurs connaissances en Islam, d\u2019affiner leur spiritualit\u00e9 et de renforcer leurs liens d\u2019amiti\u00e9 et de fraternit\u00e9. La toute premi\u00e8re convention annuelle a eu lieu le 27 d\u00e9cembre 1891 \u00e0 Qadian, en Inde.<\/p>\n<p>Fond\u00e9e en 1889 en Inde par Hadrat Mirza Ghulam Ahmad, la communaut\u00e9 musulmane Ahmadiyya s&#8217;est donn\u00e9e pour mission de revivifier les valeurs morales et spirituelles de l&#8217;islam. Son slogan, &#8220;L&#8217;amour pour tous, la haine pour personne&#8221;, refl\u00e8te son engagement pour la paix et l&#8217;harmonie. Aujourd\u2019hui, elle est pr\u00e9sente dans 214 pays \u00e0 travers le monde.<\/p>\n<p><strong>Ibrahim Khalil<\/strong><\/p>\n","protected":false},"excerpt":{"rendered":"<p>La communaut\u00e9 musulmane Ahmadiyya de C\u00f4te d&#8217;Ivoire a c\u00e9l\u00e9br\u00e9 sa 38e Convention annuelle, appel\u00e9e &#8221;Jalsa Salana&#8221;, le samedi 21 d\u00e9cembre 2024, sur son site Mahdi Abad \u00e0 Abidjan-Yopougon. \u00c0 cette occasion, l&#8217;Amir et Missionnaire en chef de la communaut\u00e9 Ahmadiyya a pr\u00e9sent\u00e9 le bilan des activit\u00e9s men\u00e9es par la communaut\u00e9. Il a soulign\u00e9 que plusieurs [&hellip;]<\/p>\n","protected":false},"author":4,"featured_media":36349,"comment_status":"closed","ping_status":"closed","sticky":false,"template":"","format":"standard","meta":{"_monsterinsights_skip_tracking":false,"_monsterinsights_sitenote_active":false,"_monsterinsights_sitenote_note":"","_monsterinsights_sitenote_category":0,"footnotes":""},"categories":[2,3],"tags":[],"class_list":["post-36348","post","type-post","status-publish","format-standard","has-post-thumbnail","hentry","category-featured","category-societe"],"_links":{"self":[{"href":"https:\/\/www.lintelligentdabidjan.info\/news\/wp-json\/wp\/v2\/posts\/36348","targetHints":{"allow":["GET"]}}],"collection":[{"href":"https:\/\/www.lintelligentdabidjan.info\/news\/wp-json\/wp\/v2\/posts"}],"about":[{"href":"https:\/\/www.lintelligentdabidjan.info\/news\/wp-json\/wp\/v2\/types\/post"}],"author":[{"embeddable":true,"href":"https:\/\/www.lintelligentdabidjan.info\/news\/wp-json\/wp\/v2\/users\/4"}],"replies":[{"embeddable":true,"href":"https:\/\/www.lintelligentdabidjan.info\/news\/wp-json\/wp\/v2\/comments?post=36348"}],"version-history":[{"count":1,"href":"https:\/\/www.lintelligentdabidjan.info\/news\/wp-json\/wp\/v2\/posts\/36348\/revisions"}],"predecessor-version":[{"id":36350,"href":"https:\/\/www.lintelligentdabidjan.info\/news\/wp-json\/wp\/v2\/posts\/36348\/revisions\/36350"}],"wp:featuredmedia":[{"embeddable":true,"href":"https:\/\/www.lintelligentdabidjan.info\/news\/wp-json\/wp\/v2\/media\/36349"}],"wp:attachment":[{"href":"https:\/\/www.lintelligentdabidjan.info\/news\/wp-json\/wp\/v2\/media?parent=36348"}],"wp:term":[{"taxonomy":"category","embeddable":true,"href":"https:\/\/www.lintelligentdabidjan.info\/news\/wp-json\/wp\/v2\/categories?post=36348"},{"taxonomy":"post_tag","embeddable":true,"href":"https:\/\/www.lintelligentdabidjan.info\/news\/wp-json\/wp\/v2\/tags?post=36348"}],"curies":[{"name":"wp","href":"https:\/\/api.w.org\/{rel}","templated":true}]}}