{"id":36364,"date":"2024-12-25T12:41:14","date_gmt":"2024-12-25T11:41:14","guid":{"rendered":"https:\/\/www.lintelligentdabidjan.info\/news\/?p=36364"},"modified":"2024-12-25T12:41:18","modified_gmt":"2024-12-25T11:41:18","slug":"agboville-les-meilleurs-eleves-daboude-mandeke-recompenses","status":"publish","type":"post","link":"https:\/\/www.lintelligentdabidjan.info\/news\/agboville-les-meilleurs-eleves-daboude-mandeke-recompenses\/","title":{"rendered":"Agboville-  Les meilleurs \u00e9l\u00e8ves d&#8217;Aboud\u00e9-Mand\u00e9k\u00e9  r\u00e9compens\u00e9s"},"content":{"rendered":"<p><em><strong>La sortie officielle de l&#8217;Association des Jeunes Leaders d&#8217;Aboud\u00e9-Mand\u00e9k\u00e9 (AJLAM) a permis \u00e0 ses premiers responsables de primer les meilleurs \u00e9l\u00e8ves de leur localit\u00e9. Cet \u00e9v\u00e9nement s&#8217;est tenu le samedi 21 d\u00e9cembre 2024, \u00e0 l&#8217;\u00c9cole Primaire Publique (EPP) 2, sous le parrainage de M. N&#8217;gatta Adou Lucien.<\/strong><\/em><\/p>\n<p>\u00ab Je suis venu donner un coup de pouce \u00e0 ces \u00e9l\u00e8ves dans leur parcours scolaire. Aujourd&#8217;hui, vous \u00eates les premiers de vos classes. Il faut pers\u00e9v\u00e9rer et redoubler d&#8217;efforts pour conserver vos positions de leaders \u00bb, a conseill\u00e9 M. N&#8217;gatta Adou Lucien, parrain de la c\u00e9r\u00e9monie. Il a \u00e9galement salu\u00e9 l&#8217;initiative de l&#8217;AJLAM : \u00ab Je remercie et encourage l&#8217;AJLAM pour cette belle initiative. Je suis pr\u00eat \u00e0 vous soutenir pour acc\u00e9l\u00e9rer le d\u00e9veloppement de notre communaut\u00e9 \u00bb, a-t-il ajout\u00e9.<\/p>\n<p>L&#8217;AJLAM a r\u00e9compens\u00e9 28 \u00e9l\u00e8ves issus des cinq \u00e9tablissements secondaires publics et priv\u00e9s d&#8217;Aboud\u00e9-Mand\u00e9k\u00e9. Ces \u00e9l\u00e8ves, de la 6\u1d49 \u00e0 la Terminale, se sont distingu\u00e9s en obtenant les meilleures moyennes de leurs niveaux, variant entre 15 et 18\/20.<\/p>\n<p>Lors de son intervention, M. Aman\u00e9 Gnamien \u00c9tienne, pr\u00e9sident de l&#8217;AJLAM, a adress\u00e9 un message d&#8217;encouragement aux laur\u00e9ats : \u00ab \u00c0 tous ces \u00e9l\u00e8ves prim\u00e9s, vos efforts, votre d\u00e9termination et votre pers\u00e9v\u00e9rance m\u00e9ritent d&#8217;\u00eatre c\u00e9l\u00e9br\u00e9s. Continuez \u00e0 viser toujours plus haut, car c&#8217;est ainsi que vous construirez votre avenir et celui de notre communaut\u00e9. (&#8230;) Quant \u00e0 ceux qui n&#8217;ont pas \u00e9t\u00e9 r\u00e9compens\u00e9s cette fois-ci, ne vous d\u00e9couragez pas. Que cette occasion vous inspire \u00e0 travailler avec plus d&#8217;ardeur et de d\u00e9termination. \u00bb<\/p>\n<p>De son c\u00f4t\u00e9, M. Abou Patrick, secr\u00e9taire g\u00e9n\u00e9ral de l&#8217;AJLAM, a exprim\u00e9 sa gratitude au parrain et aux autorit\u00e9s pr\u00e9sentes. \u00ab Nous sommes honor\u00e9s de votre pr\u00e9sence en ce jour m\u00e9morable, qui marque une \u00e9tape significative dans l&#8217;histoire de l&#8217;AJLAM. Votre soutien et votre engagement \u00e0 nos c\u00f4t\u00e9s sont essentiels \u00e0 la r\u00e9alisation de notre vision : promouvoir l&#8217;\u00e9ducation et soutenir la jeunesse dans son d\u00e9veloppement intellectuel, moral et social \u00bb, a-t-il d\u00e9clar\u00e9, apr\u00e8s avoir pr\u00e9sent\u00e9 les membres du bureau de l&#8217;association.<\/p>\n<p><strong>Ahou Moay\u00e9 \u00e0 Agboville<\/strong><\/p>\n","protected":false},"excerpt":{"rendered":"<p>La sortie officielle de l&#8217;Association des Jeunes Leaders d&#8217;Aboud\u00e9-Mand\u00e9k\u00e9 (AJLAM) a permis \u00e0 ses premiers responsables de primer les meilleurs \u00e9l\u00e8ves de leur localit\u00e9. Cet \u00e9v\u00e9nement s&#8217;est tenu le samedi 21 d\u00e9cembre 2024, \u00e0 l&#8217;\u00c9cole Primaire Publique (EPP) 2, sous le parrainage de M. N&#8217;gatta Adou Lucien. \u00ab Je suis venu donner un coup de [&hellip;]<\/p>\n","protected":false},"author":4,"featured_media":36365,"comment_status":"closed","ping_status":"closed","sticky":false,"template":"","format":"standard","meta":{"_monsterinsights_skip_tracking":false,"_monsterinsights_sitenote_active":false,"_monsterinsights_sitenote_note":"","_monsterinsights_sitenote_category":0,"footnotes":""},"categories":[2,3],"tags":[],"class_list":["post-36364","post","type-post","status-publish","format-standard","has-post-thumbnail","hentry","category-featured","category-societe"],"_links":{"self":[{"href":"https:\/\/www.lintelligentdabidjan.info\/news\/wp-json\/wp\/v2\/posts\/36364","targetHints":{"allow":["GET"]}}],"collection":[{"href":"https:\/\/www.lintelligentdabidjan.info\/news\/wp-json\/wp\/v2\/posts"}],"about":[{"href":"https:\/\/www.lintelligentdabidjan.info\/news\/wp-json\/wp\/v2\/types\/post"}],"author":[{"embeddable":true,"href":"https:\/\/www.lintelligentdabidjan.info\/news\/wp-json\/wp\/v2\/users\/4"}],"replies":[{"embeddable":true,"href":"https:\/\/www.lintelligentdabidjan.info\/news\/wp-json\/wp\/v2\/comments?post=36364"}],"version-history":[{"count":1,"href":"https:\/\/www.lintelligentdabidjan.info\/news\/wp-json\/wp\/v2\/posts\/36364\/revisions"}],"predecessor-version":[{"id":36366,"href":"https:\/\/www.lintelligentdabidjan.info\/news\/wp-json\/wp\/v2\/posts\/36364\/revisions\/36366"}],"wp:featuredmedia":[{"embeddable":true,"href":"https:\/\/www.lintelligentdabidjan.info\/news\/wp-json\/wp\/v2\/media\/36365"}],"wp:attachment":[{"href":"https:\/\/www.lintelligentdabidjan.info\/news\/wp-json\/wp\/v2\/media?parent=36364"}],"wp:term":[{"taxonomy":"category","embeddable":true,"href":"https:\/\/www.lintelligentdabidjan.info\/news\/wp-json\/wp\/v2\/categories?post=36364"},{"taxonomy":"post_tag","embeddable":true,"href":"https:\/\/www.lintelligentdabidjan.info\/news\/wp-json\/wp\/v2\/tags?post=36364"}],"curies":[{"name":"wp","href":"https:\/\/api.w.org\/{rel}","templated":true}]}}