{"id":36367,"date":"2024-12-25T12:44:53","date_gmt":"2024-12-25T11:44:53","guid":{"rendered":"https:\/\/www.lintelligentdabidjan.info\/news\/?p=36367"},"modified":"2024-12-25T12:45:34","modified_gmt":"2024-12-25T11:45:34","slug":"fete-de-fin-dannee-la-fondation-gecer-ledea-soutient-des-populations-vulnerables","status":"publish","type":"post","link":"https:\/\/www.lintelligentdabidjan.info\/news\/fete-de-fin-dannee-la-fondation-gecer-ledea-soutient-des-populations-vulnerables\/","title":{"rendered":"F\u00eate de fin d\u2019ann\u00e9e-  La fondation Gecer-Ledea soutient des populations vuln\u00e9rables"},"content":{"rendered":"<p><em><strong>La Fondation Gecer-Ledea a organis\u00e9 une c\u00e9r\u00e9monie de remise de dons en vivres et non vivres aux personnes vuln\u00e9rables et orphelins, le jeudi 19 d\u00e9cembre 2024 \u00e0 la mairie d\u2019Abidjan-Abobo.<\/strong><\/em><\/p>\n<p>\u00c0 l&#8217;approche des f\u00eates de fin d&#8217;ann\u00e9e, cette initiative de la Fondation Gecer-Ledea vise \u00e0 apporter r\u00e9confort et soutien aux populations d\u00e9munies notamment les veuves, les orphelins et aux personnes de 3\u00e8 \u00e2ge. Pour cette occasion, la fondation a distribu\u00e9 des dons comprenant trois tonnes de riz, des bidons d\u2019huile, de la p\u00e2te de tomate, des spaghettis, du papier hygi\u00e9nique, du savon en poudre, ainsi qu&#8217;une somme d\u2019argent. Au total, 1000 familles et six orphelinats b\u00e9n\u00e9ficieront de ces dons, d&#8217;une valeur d&#8217;environ 200 millions de francs Cfa. Chaque orphelinat recevra \u00e9galement un soutien financier de 500.000 francs Cfa. \u00ab Chaque ann\u00e9e, nous organisons une c\u00e9r\u00e9monie de remise de vivres et de non-vivres destin\u00e9s aux personnes vuln\u00e9rables. Cette action fait partie d&#8217;une s\u00e9rie d&#8217;initiatives visant \u00e0 renforcer la solidarit\u00e9 au sein des communaut\u00e9s locales, avec un accent particulier sur la commune d&#8217;Abobo et ses alentours \u00bb, a d\u00e9clar\u00e9 Salif Ou\u00e9draogo, pr\u00e9sident de la Fondation Gecer-Ledea. <\/p>\n<p>En parall\u00e8le de cette distribution, la Fondation Gecer-Ledea a exprim\u00e9 le souhait d&#8217;obtenir un terrain pour construire une \u00e9cole primaire de six classes ainsi qu&#8217;une \u00e9cole maternelle. Ce projet r\u00e9pond \u00e0 la demande croissante d&#8217;infrastructures \u00e9ducatives dans la commune d\u2019Abobo, visant ainsi \u00e0 am\u00e9liorer l&#8217;acc\u00e8s \u00e0 l&#8217;\u00e9ducation pour les enfants issus des familles les plus d\u00e9munies.<\/p>\n<p>La Mairie d&#8217;Abobo a \u00e9galement re\u00e7u trois tonnes de vivres et non-vivres, ainsi qu&#8217;une somme de 2 millions de francs Cfa pour l&#8217;organisation d&#8217;un arbre de No\u00ebl, marquant ainsi une collaboration \u00e9troite entre la fondation et les autorit\u00e9s locales. Impressionn\u00e9 par ce geste, Kon\u00e9 Siaka, 2e adjoint repr\u00e9sentant la maire d\u2019Abobo, Kandia Camara, a exprim\u00e9 sa profonde gratitude envers la Fondation Gecer-Ledea. \u00ab C\u2019est une grande joie. Au nom du maire, je voudrais exprimer mes vifs remerciements \u00e0 la fondation pour cet acte de g\u00e9n\u00e9rosit\u00e9 et de bienfaisance \u00e0 notre endroit \u00bb, a-t-il d\u00e9clar\u00e9.<\/p>\n<p><strong>Mamadou Ouattara  avec C\u00e9cile Mobio avec Sercom<\/strong><\/p>\n","protected":false},"excerpt":{"rendered":"<p>La Fondation Gecer-Ledea a organis\u00e9 une c\u00e9r\u00e9monie de remise de dons en vivres et non vivres aux personnes vuln\u00e9rables et orphelins, le jeudi 19 d\u00e9cembre 2024 \u00e0 la mairie d\u2019Abidjan-Abobo. \u00c0 l&#8217;approche des f\u00eates de fin d&#8217;ann\u00e9e, cette initiative de la Fondation Gecer-Ledea vise \u00e0 apporter r\u00e9confort et soutien aux populations d\u00e9munies notamment les veuves, [&hellip;]<\/p>\n","protected":false},"author":4,"featured_media":36368,"comment_status":"closed","ping_status":"closed","sticky":false,"template":"","format":"standard","meta":{"_monsterinsights_skip_tracking":false,"_monsterinsights_sitenote_active":false,"_monsterinsights_sitenote_note":"","_monsterinsights_sitenote_category":0,"footnotes":""},"categories":[2,3],"tags":[4467,4468,1512,4469],"class_list":["post-36367","post","type-post","status-publish","format-standard","has-post-thumbnail","hentry","category-featured","category-societe","tag-fete-de-fin-dannee","tag-la-fondation-gecer-ledea","tag-populations","tag-vulnerables"],"_links":{"self":[{"href":"https:\/\/www.lintelligentdabidjan.info\/news\/wp-json\/wp\/v2\/posts\/36367","targetHints":{"allow":["GET"]}}],"collection":[{"href":"https:\/\/www.lintelligentdabidjan.info\/news\/wp-json\/wp\/v2\/posts"}],"about":[{"href":"https:\/\/www.lintelligentdabidjan.info\/news\/wp-json\/wp\/v2\/types\/post"}],"author":[{"embeddable":true,"href":"https:\/\/www.lintelligentdabidjan.info\/news\/wp-json\/wp\/v2\/users\/4"}],"replies":[{"embeddable":true,"href":"https:\/\/www.lintelligentdabidjan.info\/news\/wp-json\/wp\/v2\/comments?post=36367"}],"version-history":[{"count":1,"href":"https:\/\/www.lintelligentdabidjan.info\/news\/wp-json\/wp\/v2\/posts\/36367\/revisions"}],"predecessor-version":[{"id":36369,"href":"https:\/\/www.lintelligentdabidjan.info\/news\/wp-json\/wp\/v2\/posts\/36367\/revisions\/36369"}],"wp:featuredmedia":[{"embeddable":true,"href":"https:\/\/www.lintelligentdabidjan.info\/news\/wp-json\/wp\/v2\/media\/36368"}],"wp:attachment":[{"href":"https:\/\/www.lintelligentdabidjan.info\/news\/wp-json\/wp\/v2\/media?parent=36367"}],"wp:term":[{"taxonomy":"category","embeddable":true,"href":"https:\/\/www.lintelligentdabidjan.info\/news\/wp-json\/wp\/v2\/categories?post=36367"},{"taxonomy":"post_tag","embeddable":true,"href":"https:\/\/www.lintelligentdabidjan.info\/news\/wp-json\/wp\/v2\/tags?post=36367"}],"curies":[{"name":"wp","href":"https:\/\/api.w.org\/{rel}","templated":true}]}}