{"id":36370,"date":"2024-12-25T20:00:51","date_gmt":"2024-12-25T19:00:51","guid":{"rendered":"https:\/\/www.lintelligentdabidjan.info\/news\/?p=36370"},"modified":"2024-12-25T20:01:06","modified_gmt":"2024-12-25T19:01:06","slug":"arbre-de-noel-2024-a-korhogo-le-maire-lacina-ouattara-reconnaissant-au-chef-de-l-etat-et-a-la-premiere-dame","status":"publish","type":"post","link":"https:\/\/www.lintelligentdabidjan.info\/news\/arbre-de-noel-2024-a-korhogo-le-maire-lacina-ouattara-reconnaissant-au-chef-de-l-etat-et-a-la-premiere-dame\/","title":{"rendered":"Arbre de No\u00ebl 2024 \u00e0 Korhogo-  Le maire Lacina Ouattara reconnaissant au chef de l&#8217; \u00c9tat et \u00e0 la Premi\u00e8re dame"},"content":{"rendered":"<p><em><strong>Le maire Lacina Ouattara reconnaissant au chef de l&#8217; \u00c9tat et \u00e0 la Premi\u00e8re dame pour le soutien apport\u00e9 aux enfants de Korhogo \u00e0 l&#8217; occasion de la f\u00eate de No\u00ebl.<\/strong><\/em><\/p>\n<p>Le d\u00e9put\u00e9-maire de Korhogo, Lacina Ouattara dit Lass PR , a organis\u00e9 le mardi 24 d\u00e9cembre 2024 un Arbre de No\u00ebl au Centre culturel Womiengnon. Plus de 3000 enfants ont \u00e9t\u00e9 honor\u00e9s lors de cette c\u00e9r\u00e9monie, marqu\u00e9e par la distribution de cadeaux, symboles de joie et d\u2019espoir en cette p\u00e9riode de f\u00eates de fin d\u2019ann\u00e9e.<\/p>\n<p><strong>Un geste solidaire pour les familles d\u00e9favoris\u00e9es<\/strong><\/p>\n<p>\u00c0 travers cette initiative, le maire Lacina Ouattara a souhait\u00e9 soulager de nombreuses familles d\u00e9favoris\u00e9es en offrant des moments de bonheur aux enfants. L&#8217;\u00e9v\u00e9nement, devenu une tradition annuelle, a permis de distribuer 3500 cadeaux et 200 v\u00e9los, gr\u00e2ce au soutien de la Premi\u00e8re Dame, Dominique Ouattara.<\/p>\n<p>\u00ab Ces dons s\u2019inscrivent dans le cadre des engagements humanitaires de la Premi\u00e8re Dame, qui fait du bien-\u00eatre des enfants une priorit\u00e9 absolue. Gr\u00e2ce \u00e0 elle et au pr\u00e9sident de la R\u00e9publique, Alassane Ouattara, nous pouvons perp\u00e9tuer cette tradition pour le bonheur des enfants de Korhogo \u00bb, a d\u00e9clar\u00e9 le maire.<\/p>\n<p>Lacina Ouattara a salu\u00e9 le leadership de Dominique Ouattara, dont l\u2019engagement en faveur des enfants d\u00e9favoris\u00e9s inspire des initiatives similaires \u00e0 travers tout le pays. Il a \u00e9galement rendu hommage au pr\u00e9sident Alassane Ouattara pour son soutien ind\u00e9fectible aux actions visant \u00e0 am\u00e9liorer les conditions de vie des populations, en particulier des enfants.<\/p>\n<p>Pr\u00e9sent \u00e0 la c\u00e9r\u00e9monie, le premier vice-pr\u00e9sident du Conseil r\u00e9gional, Salimou Coulibaly, repr\u00e9sentant le pr\u00e9sident du Conseil r\u00e9gional, a exprim\u00e9 sa gratitude \u00e0 la Premi\u00e8re Dame et au pr\u00e9sident de la R\u00e9publique pour leur g\u00e9n\u00e9rosit\u00e9.<\/p>\n<p>Dram\u00e9 Nourah, porte-parole des enfants b\u00e9n\u00e9ficiaires, a \u00e9galement t\u00e9moign\u00e9 sa reconnaissance au nom des jeunes participants. \u00ab Ces cadeaux apportent du soulagement \u00e0 nos familles et nous remplissent de joie. Merci au maire Lacina Ouattara et \u00e0 tous les donateurs \u00bb, a-t-il d\u00e9clar\u00e9 avec \u00e9motion.<\/p>\n<p>De nombreuses autorit\u00e9s administratives, religieuses, coutumi\u00e8res et s\u00e9curitaires ont pris part \u00e0 cette c\u00e9l\u00e9bration, qui a permis d\u2019unir la communaut\u00e9 autour des valeurs de partage et de solidarit\u00e9. Cet Arbre de No\u00ebl 2024, plac\u00e9 sous le signe de l\u2019espoir, a offert des instants inoubliables aux enfants de Korhogo et t\u00e9moign\u00e9 de l\u2019engagement continu des leaders locaux envers leur bien-\u00eatre.<\/p>\n<p><strong>Nambac\u00e9r\u00e9 Jo\u00ebl <\/strong><\/p>\n","protected":false},"excerpt":{"rendered":"<p>Le maire Lacina Ouattara reconnaissant au chef de l&#8217; \u00c9tat et \u00e0 la Premi\u00e8re dame pour le soutien apport\u00e9 aux enfants de Korhogo \u00e0 l&#8217; occasion de la f\u00eate de No\u00ebl. Le d\u00e9put\u00e9-maire de Korhogo, Lacina Ouattara dit Lass PR , a organis\u00e9 le mardi 24 d\u00e9cembre 2024 un Arbre de No\u00ebl au Centre culturel [&hellip;]<\/p>\n","protected":false},"author":4,"featured_media":36371,"comment_status":"closed","ping_status":"closed","sticky":false,"template":"","format":"standard","meta":{"_monsterinsights_skip_tracking":false,"_monsterinsights_sitenote_active":false,"_monsterinsights_sitenote_note":"","_monsterinsights_sitenote_category":0,"footnotes":""},"categories":[2,3],"tags":[4470,4472,326,4471,4473],"class_list":["post-36370","post","type-post","status-publish","format-standard","has-post-thumbnail","hentry","category-featured","category-societe","tag-arbre-de-noel-2024","tag-chef-de-l-etat","tag-korhogo","tag-le-maire-lacina-ouattara","tag-premiere-dame"],"_links":{"self":[{"href":"https:\/\/www.lintelligentdabidjan.info\/news\/wp-json\/wp\/v2\/posts\/36370","targetHints":{"allow":["GET"]}}],"collection":[{"href":"https:\/\/www.lintelligentdabidjan.info\/news\/wp-json\/wp\/v2\/posts"}],"about":[{"href":"https:\/\/www.lintelligentdabidjan.info\/news\/wp-json\/wp\/v2\/types\/post"}],"author":[{"embeddable":true,"href":"https:\/\/www.lintelligentdabidjan.info\/news\/wp-json\/wp\/v2\/users\/4"}],"replies":[{"embeddable":true,"href":"https:\/\/www.lintelligentdabidjan.info\/news\/wp-json\/wp\/v2\/comments?post=36370"}],"version-history":[{"count":1,"href":"https:\/\/www.lintelligentdabidjan.info\/news\/wp-json\/wp\/v2\/posts\/36370\/revisions"}],"predecessor-version":[{"id":36372,"href":"https:\/\/www.lintelligentdabidjan.info\/news\/wp-json\/wp\/v2\/posts\/36370\/revisions\/36372"}],"wp:featuredmedia":[{"embeddable":true,"href":"https:\/\/www.lintelligentdabidjan.info\/news\/wp-json\/wp\/v2\/media\/36371"}],"wp:attachment":[{"href":"https:\/\/www.lintelligentdabidjan.info\/news\/wp-json\/wp\/v2\/media?parent=36370"}],"wp:term":[{"taxonomy":"category","embeddable":true,"href":"https:\/\/www.lintelligentdabidjan.info\/news\/wp-json\/wp\/v2\/categories?post=36370"},{"taxonomy":"post_tag","embeddable":true,"href":"https:\/\/www.lintelligentdabidjan.info\/news\/wp-json\/wp\/v2\/tags?post=36370"}],"curies":[{"name":"wp","href":"https:\/\/api.w.org\/{rel}","templated":true}]}}