{"id":36379,"date":"2024-12-26T16:58:09","date_gmt":"2024-12-26T15:58:09","guid":{"rendered":"https:\/\/www.lintelligentdabidjan.info\/news\/?p=36379"},"modified":"2024-12-26T16:58:15","modified_gmt":"2024-12-26T15:58:15","slug":"jean-louis-billon-sur-france-24-le-president-bedie-avait-approuve-ma-candidature","status":"publish","type":"post","link":"https:\/\/www.lintelligentdabidjan.info\/news\/jean-louis-billon-sur-france-24-le-president-bedie-avait-approuve-ma-candidature\/","title":{"rendered":"Jean-Louis Billon, sur France 24 : \u00ab Le pr\u00e9sident B\u00e9di\u00e9 avait approuv\u00e9 ma candidature \u00bb"},"content":{"rendered":"<p><em><strong>Dans une interview accord\u00e9e \u00e0 France 24 et diffus\u00e9e le jeudi 26 d\u00e9cembre 2024, Jean-Louis Billon a d\u00e9clar\u00e9 : \u00ab Le pr\u00e9sident B\u00e9di\u00e9 avait approuv\u00e9 ma candidature \u00bb.<\/strong><\/em><\/p>\n<p>Selon Jean-Louis Billon, le pr\u00e9sident Henri Konan B\u00e9di\u00e9, de son vivant, avait soutenu son id\u00e9e de se porter candidat \u00e0 l&#8217;\u00e9lection pr\u00e9sidentielle de 2025. Il l&#8217;a fait savoir dans une interview accord\u00e9e \u00e0 la cha\u00eene de t\u00e9l\u00e9vision France 24.<\/p>\n<p>\u00ab Ma candidature n&#8217;est pas vraiment une candidature rebelle. Elle a \u00e9t\u00e9 annonc\u00e9e depuis tr\u00e8s longtemps, m\u00eame du vivant du pr\u00e9sident Henri Konan B\u00e9di\u00e9 qui, entre lui et moi, l&#8217;avait approuv\u00e9e \u00bb, a-t-il lanc\u00e9.<\/p>\n<p>L&#8217;homme d&#8217;affaires a r\u00e9affirm\u00e9 sa volont\u00e9 d&#8217;\u00eatre candidat \u00e0 la Convention d&#8217;investiture du candidat du PDCI-RDA, un \u00e9v\u00e9nement dont la date n&#8217;a pas encore \u00e9t\u00e9 fix\u00e9e et auquel il sera face \u00e0 Tidiane Thiam, le pr\u00e9sident du parti. Jean-Louis Billon a plaid\u00e9 pour qu&#8217;\u00e0 cette Convention, d&#8217;autres cadres du parti soient \u00e9galement candidats.<\/p>\n<p>Au sujet de Tidiane Thiam, il a indiqu\u00e9 que sa longue absence de la C\u00f4te d&#8217;Ivoire (de 1999 \u00e0 2023) constitue pour lui un handicap, faisant de lui un candidat \u00ab qui ne conna\u00eet pas la C\u00f4te d&#8217;Ivoire \u00bb. Il a qualifi\u00e9 Tidiane Thiam de candidat \u00ab hors sol \u00bb.<\/p>\n<p><strong>Jean-Hubert Koffo<\/strong><\/p>\n","protected":false},"excerpt":{"rendered":"<p>Dans une interview accord\u00e9e \u00e0 France 24 et diffus\u00e9e le jeudi 26 d\u00e9cembre 2024, Jean-Louis Billon a d\u00e9clar\u00e9 : \u00ab Le pr\u00e9sident B\u00e9di\u00e9 avait approuv\u00e9 ma candidature \u00bb. Selon Jean-Louis Billon, le pr\u00e9sident Henri Konan B\u00e9di\u00e9, de son vivant, avait soutenu son id\u00e9e de se porter candidat \u00e0 l&#8217;\u00e9lection pr\u00e9sidentielle de 2025. Il l&#8217;a fait [&hellip;]<\/p>\n","protected":false},"author":4,"featured_media":36380,"comment_status":"closed","ping_status":"closed","sticky":false,"template":"","format":"standard","meta":{"_monsterinsights_skip_tracking":false,"_monsterinsights_sitenote_active":false,"_monsterinsights_sitenote_note":"","_monsterinsights_sitenote_category":0,"footnotes":""},"categories":[2,17],"tags":[2073,4152,3493],"class_list":["post-36379","post","type-post","status-publish","format-standard","has-post-thumbnail","hentry","category-featured","category-politique","tag-candidature","tag-jean-louis-billon","tag-president-bedie"],"_links":{"self":[{"href":"https:\/\/www.lintelligentdabidjan.info\/news\/wp-json\/wp\/v2\/posts\/36379","targetHints":{"allow":["GET"]}}],"collection":[{"href":"https:\/\/www.lintelligentdabidjan.info\/news\/wp-json\/wp\/v2\/posts"}],"about":[{"href":"https:\/\/www.lintelligentdabidjan.info\/news\/wp-json\/wp\/v2\/types\/post"}],"author":[{"embeddable":true,"href":"https:\/\/www.lintelligentdabidjan.info\/news\/wp-json\/wp\/v2\/users\/4"}],"replies":[{"embeddable":true,"href":"https:\/\/www.lintelligentdabidjan.info\/news\/wp-json\/wp\/v2\/comments?post=36379"}],"version-history":[{"count":1,"href":"https:\/\/www.lintelligentdabidjan.info\/news\/wp-json\/wp\/v2\/posts\/36379\/revisions"}],"predecessor-version":[{"id":36381,"href":"https:\/\/www.lintelligentdabidjan.info\/news\/wp-json\/wp\/v2\/posts\/36379\/revisions\/36381"}],"wp:featuredmedia":[{"embeddable":true,"href":"https:\/\/www.lintelligentdabidjan.info\/news\/wp-json\/wp\/v2\/media\/36380"}],"wp:attachment":[{"href":"https:\/\/www.lintelligentdabidjan.info\/news\/wp-json\/wp\/v2\/media?parent=36379"}],"wp:term":[{"taxonomy":"category","embeddable":true,"href":"https:\/\/www.lintelligentdabidjan.info\/news\/wp-json\/wp\/v2\/categories?post=36379"},{"taxonomy":"post_tag","embeddable":true,"href":"https:\/\/www.lintelligentdabidjan.info\/news\/wp-json\/wp\/v2\/tags?post=36379"}],"curies":[{"name":"wp","href":"https:\/\/api.w.org\/{rel}","templated":true}]}}