{"id":36438,"date":"2024-12-29T21:11:19","date_gmt":"2024-12-29T20:11:19","guid":{"rendered":"https:\/\/www.lintelligentdabidjan.info\/news\/?p=36438"},"modified":"2024-12-29T21:11:32","modified_gmt":"2024-12-29T20:11:32","slug":"prise-en-charge-systematique-des-victimes-daccidents-le-fga-ouvre-son-11%e1%b5%89-bureau-relais-a-dimbokro","status":"publish","type":"post","link":"https:\/\/www.lintelligentdabidjan.info\/news\/prise-en-charge-systematique-des-victimes-daccidents-le-fga-ouvre-son-11%e1%b5%89-bureau-relais-a-dimbokro\/","title":{"rendered":"Prise en charge syst\u00e9matique des victimes d&#8217;accidents-  Le FGA ouvre son 11\u1d49 bureau relais \u00e0 Dimbokro"},"content":{"rendered":"<p><em><strong>Le Fonds de Garantie Automobile (FGA) a inaugur\u00e9, le samedi 28 d\u00e9cembre 2024, son 11\u1d49 bureau relais, situ\u00e9 au sein du Centre Hospitalier R\u00e9gional (CHR) de Dimbokro. <\/strong><\/em><\/p>\n<p>\u00c0 cette occasion, No\u00ebl Koffi Ma\u00efzan, directeur g\u00e9n\u00e9ral du FGA, a soulign\u00e9 que l&#8217;objectif de la structure est d&#8217;offrir un accompagnement imm\u00e9diat, complet et entier \u00e0 chaque victime d\u2019accident de la voie publique, en \u00e9troite collaboration avec les \u00e9tablissements hospitaliers. Il a salu\u00e9 l\u2019appui des autorit\u00e9s locales, notamment celui du ministre des Finances et du Budget, Adama Coulibaly, qui a permis la r\u00e9alisation de ce projet. Selon lui, cet engagement illustre une volont\u00e9 commune d&#8217;\u0153uvrer pour le bien-\u00eatre des populations et de renforcer le filet social destin\u00e9 \u00e0 prot\u00e9ger les victimes d&#8217;accidents de la voie publique.<\/p>\n<p>Au nom du ministre des Finances et du Budget, Adama Coulibaly, pr\u00e9sident de la c\u00e9r\u00e9monie, le directeur g\u00e9n\u00e9ral de la Lonaci, Dramane Coulibaly, a affirm\u00e9 que l\u2019inauguration de ce bureau relais est la manifestation concr\u00e8te de la volont\u00e9 de l\u2019\u00c9tat de renforcer la protection sociale, en particulier pour les populations vuln\u00e9rables. <\/p>\n<p>L\u2019ouverture de ce 11e bureau intervient un mois apr\u00e8s l\u2019adoption du d\u00e9cret n\u00b0 2024-996 du 20 novembre 2024, modifiant le d\u00e9cret 2009-107 du 09 avril 2009, portant organisation et fixant les modalit\u00e9s de financement et d\u2019indemnisation des victimes d\u2019accidents de la voie publique par le FGA. Pour la p\u00e9riode 2025, le FGA pr\u00e9voit, apr\u00e8s Dimbokro, l\u2019ouverture de nouveaux bureaux dans les CHR de Daloa, Du\u00e9kou\u00e9, Man et Odienn\u00e9.<\/p>\n<p>La c\u00e9r\u00e9monie a \u00e9t\u00e9 meubl\u00e9e par la signature de convention entre le premier responsable du FGA et le Directeur R\u00e9gional de la Sant\u00e9, de l\u2019Hygi\u00e8ne Publique et de la Couverture Maladie Universelle du N\u2019Zi, Dr Kra Koffi Lazare, pour qui la mise en service de ce bureau de liaison repr\u00e9sente un ouf de soulagement pour le personnel de sant\u00e9.<\/p>\n<p><strong>Ibrahim Khalil avec Sercom<\/strong><\/p>\n","protected":false},"excerpt":{"rendered":"<p>Le Fonds de Garantie Automobile (FGA) a inaugur\u00e9, le samedi 28 d\u00e9cembre 2024, son 11\u1d49 bureau relais, situ\u00e9 au sein du Centre Hospitalier R\u00e9gional (CHR) de Dimbokro. \u00c0 cette occasion, No\u00ebl Koffi Ma\u00efzan, directeur g\u00e9n\u00e9ral du FGA, a soulign\u00e9 que l&#8217;objectif de la structure est d&#8217;offrir un accompagnement imm\u00e9diat, complet et entier \u00e0 chaque victime [&hellip;]<\/p>\n","protected":false},"author":4,"featured_media":36439,"comment_status":"closed","ping_status":"closed","sticky":false,"template":"","format":"standard","meta":{"_monsterinsights_skip_tracking":false,"_monsterinsights_sitenote_active":false,"_monsterinsights_sitenote_note":"","_monsterinsights_sitenote_category":0,"footnotes":""},"categories":[2,3],"tags":[],"class_list":["post-36438","post","type-post","status-publish","format-standard","has-post-thumbnail","hentry","category-featured","category-societe"],"_links":{"self":[{"href":"https:\/\/www.lintelligentdabidjan.info\/news\/wp-json\/wp\/v2\/posts\/36438","targetHints":{"allow":["GET"]}}],"collection":[{"href":"https:\/\/www.lintelligentdabidjan.info\/news\/wp-json\/wp\/v2\/posts"}],"about":[{"href":"https:\/\/www.lintelligentdabidjan.info\/news\/wp-json\/wp\/v2\/types\/post"}],"author":[{"embeddable":true,"href":"https:\/\/www.lintelligentdabidjan.info\/news\/wp-json\/wp\/v2\/users\/4"}],"replies":[{"embeddable":true,"href":"https:\/\/www.lintelligentdabidjan.info\/news\/wp-json\/wp\/v2\/comments?post=36438"}],"version-history":[{"count":1,"href":"https:\/\/www.lintelligentdabidjan.info\/news\/wp-json\/wp\/v2\/posts\/36438\/revisions"}],"predecessor-version":[{"id":36440,"href":"https:\/\/www.lintelligentdabidjan.info\/news\/wp-json\/wp\/v2\/posts\/36438\/revisions\/36440"}],"wp:featuredmedia":[{"embeddable":true,"href":"https:\/\/www.lintelligentdabidjan.info\/news\/wp-json\/wp\/v2\/media\/36439"}],"wp:attachment":[{"href":"https:\/\/www.lintelligentdabidjan.info\/news\/wp-json\/wp\/v2\/media?parent=36438"}],"wp:term":[{"taxonomy":"category","embeddable":true,"href":"https:\/\/www.lintelligentdabidjan.info\/news\/wp-json\/wp\/v2\/categories?post=36438"},{"taxonomy":"post_tag","embeddable":true,"href":"https:\/\/www.lintelligentdabidjan.info\/news\/wp-json\/wp\/v2\/tags?post=36438"}],"curies":[{"name":"wp","href":"https:\/\/api.w.org\/{rel}","templated":true}]}}