{"id":36445,"date":"2024-12-29T22:37:57","date_gmt":"2024-12-29T21:37:57","guid":{"rendered":"https:\/\/www.lintelligentdabidjan.info\/news\/?p=36445"},"modified":"2024-12-29T22:38:11","modified_gmt":"2024-12-29T21:38:11","slug":"federation-des-jeunes-du-grand-nord-de-la-cote-divoire-et-de-la-diaspora-mamadou-karamoko-designe-coordinateur-dans-le-gbeke","status":"publish","type":"post","link":"https:\/\/www.lintelligentdabidjan.info\/news\/federation-des-jeunes-du-grand-nord-de-la-cote-divoire-et-de-la-diaspora-mamadou-karamoko-designe-coordinateur-dans-le-gbeke\/","title":{"rendered":"F\u00e9d\u00e9ration des Jeunes du Grand Nord de la C\u00f4te d&#8217;Ivoire et de la Diaspora &#8211; Mamadou Karamoko d\u00e9sign\u00e9  coordinateur  dans le Gb\u00eak\u00ea"},"content":{"rendered":"<p><em><strong>La F\u00e9d\u00e9ration des Jeunes du Grand Nord de la C\u00f4te d&#8217;Ivoire et de la Diaspora (FJGNCID), dirig\u00e9e par Bamba Aboubacar Sidi, a officiellement install\u00e9 Mamadou Karamoko comme coordinateur r\u00e9gional de la FJGNCID pour la r\u00e9gion du Gb\u00eak\u00ea. La c\u00e9r\u00e9monie s\u2019est tenue le samedi 28 d\u00e9cembre 2024, sur l\u2019esplanade du Palais du Carnaval de Bouak\u00e9.<\/strong><\/em><\/p>\n<p>Cet \u00e9v\u00e9nement a rassembl\u00e9 des autorit\u00e9s politiques et administratives, ainsi que les coordinateurs des 11 r\u00e9gions qui composent le Grand Nord de la C\u00f4te d\u2019Ivoire. La c\u00e9r\u00e9monie a \u00e9galement enregistr\u00e9 une forte participation des chefs traditionnels du grand nord.<\/p>\n<p>Apr\u00e8s l\u2019installation symbolique, en pr\u00e9sence de nombreuses personnalit\u00e9s, Fofana Melomb\u00e9, 7\u1d49 adjoint au maire et repr\u00e9sentant du parrain de l\u2019\u00e9v\u00e9nement, le ministre Amadou Kon\u00e9, a exhort\u00e9 le nouveau coordinateur \u00e0 promouvoir les valeurs de coh\u00e9sion et de &#8220;vivre ensemble&#8221;.<br \/>\n\u00ab Nous demandons au nouveau coordinateur de se mettre \u00e0 la disposition de la communaut\u00e9 et des autres communaut\u00e9s r\u00e9sidant \u00e0 Bouak\u00e9. Il s&#8217;agit de pr\u00f4ner la coh\u00e9sion et le vivre ensemble entre les peuples \u00bb, a-t-il d\u00e9clar\u00e9.<\/p>\n<p>De son c\u00f4t\u00e9, Bamba Aboubacar Sidi, pr\u00e9sident de la FJGNCID, a adress\u00e9 un message inspirant \u00e0 Mamadou Karamoko et \u00e0 son \u00e9quipe :<br \/>\n\u00ab \u00c0 toi, mon cher fr\u00e8re, le chantier qui se dresse devant toi est immense. Sois un acteur de paix et de coh\u00e9sion. \u00c9coute tes a\u00een\u00e9s, apprends de tes cadets, et guide ta communaut\u00e9 avec humilit\u00e9. Souviens-toi que nous sommes des serviteurs au service de notre communaut\u00e9 et que son bien-\u00eatre doit primer. Nous portons les espoirs de nos parents et avons le devoir de ne pas les d\u00e9cevoir. \u00bb<\/p>\n<p>Mamadou Karamoko, visiblement \u00e9mu, a exprim\u00e9 sa gratitude pour la confiance plac\u00e9e en lui. Conscient de l\u2019ampleur de la t\u00e2che qui l\u2019attend, il a sollicit\u00e9 le soutien de la population du Grand Nord :<br \/>\n\u00ab Je demande \u00e0 tous mes parents du Grand Nord de m\u2019accompagner dans cette mission difficile. Ensemble, nous pourrons relever les d\u00e9fis qui nous attendent. \u00bb<\/p>\n<p>La c\u00e9r\u00e9monie a \u00e9t\u00e9 marqu\u00e9e par des \u00e9changes empreints de fraternit\u00e9 et un engagement renouvel\u00e9 en faveur de la jeunesse et de la coh\u00e9sion sociale dans la r\u00e9gion du Gb\u00eak\u00ea.<\/p>\n<p><strong>Nambac\u00e9r\u00e9 Jo\u00ebl <\/strong><\/p>\n","protected":false},"excerpt":{"rendered":"<p>La F\u00e9d\u00e9ration des Jeunes du Grand Nord de la C\u00f4te d&#8217;Ivoire et de la Diaspora (FJGNCID), dirig\u00e9e par Bamba Aboubacar Sidi, a officiellement install\u00e9 Mamadou Karamoko comme coordinateur r\u00e9gional de la FJGNCID pour la r\u00e9gion du Gb\u00eak\u00ea. La c\u00e9r\u00e9monie s\u2019est tenue le samedi 28 d\u00e9cembre 2024, sur l\u2019esplanade du Palais du Carnaval de Bouak\u00e9. Cet [&hellip;]<\/p>\n","protected":false},"author":4,"featured_media":36446,"comment_status":"closed","ping_status":"closed","sticky":false,"template":"","format":"standard","meta":{"_monsterinsights_skip_tracking":false,"_monsterinsights_sitenote_active":false,"_monsterinsights_sitenote_note":"","_monsterinsights_sitenote_category":0,"footnotes":""},"categories":[2,3],"tags":[4487,4488,2480,4489],"class_list":["post-36445","post","type-post","status-publish","format-standard","has-post-thumbnail","hentry","category-featured","category-societe","tag-coordinateur","tag-fjgncid","tag-installation","tag-region-du-gbeke"],"_links":{"self":[{"href":"https:\/\/www.lintelligentdabidjan.info\/news\/wp-json\/wp\/v2\/posts\/36445","targetHints":{"allow":["GET"]}}],"collection":[{"href":"https:\/\/www.lintelligentdabidjan.info\/news\/wp-json\/wp\/v2\/posts"}],"about":[{"href":"https:\/\/www.lintelligentdabidjan.info\/news\/wp-json\/wp\/v2\/types\/post"}],"author":[{"embeddable":true,"href":"https:\/\/www.lintelligentdabidjan.info\/news\/wp-json\/wp\/v2\/users\/4"}],"replies":[{"embeddable":true,"href":"https:\/\/www.lintelligentdabidjan.info\/news\/wp-json\/wp\/v2\/comments?post=36445"}],"version-history":[{"count":1,"href":"https:\/\/www.lintelligentdabidjan.info\/news\/wp-json\/wp\/v2\/posts\/36445\/revisions"}],"predecessor-version":[{"id":36447,"href":"https:\/\/www.lintelligentdabidjan.info\/news\/wp-json\/wp\/v2\/posts\/36445\/revisions\/36447"}],"wp:featuredmedia":[{"embeddable":true,"href":"https:\/\/www.lintelligentdabidjan.info\/news\/wp-json\/wp\/v2\/media\/36446"}],"wp:attachment":[{"href":"https:\/\/www.lintelligentdabidjan.info\/news\/wp-json\/wp\/v2\/media?parent=36445"}],"wp:term":[{"taxonomy":"category","embeddable":true,"href":"https:\/\/www.lintelligentdabidjan.info\/news\/wp-json\/wp\/v2\/categories?post=36445"},{"taxonomy":"post_tag","embeddable":true,"href":"https:\/\/www.lintelligentdabidjan.info\/news\/wp-json\/wp\/v2\/tags?post=36445"}],"curies":[{"name":"wp","href":"https:\/\/api.w.org\/{rel}","templated":true}]}}