{"id":36454,"date":"2024-12-30T19:58:36","date_gmt":"2024-12-30T18:58:36","guid":{"rendered":"https:\/\/www.lintelligentdabidjan.info\/news\/?p=36454"},"modified":"2024-12-30T19:58:48","modified_gmt":"2024-12-30T18:58:48","slug":"presidentielle-2025-me-zehouri-bertin-vice-president-pdci-faisons-de-cette-election-un-moment-de-changement-positif","status":"publish","type":"post","link":"https:\/\/www.lintelligentdabidjan.info\/news\/presidentielle-2025-me-zehouri-bertin-vice-president-pdci-faisons-de-cette-election-un-moment-de-changement-positif\/","title":{"rendered":"Pr\u00e9sidentielle 2025 -Me Z\u00e9houri Bertin, vice-pr\u00e9sident PDCI : \u00abFaisons de cette \u00e9lection un moment de changement positif\u00bb"},"content":{"rendered":"<p><em><strong>Dans une d\u00e9claration dont nous avons re\u00e7u copie, Me Z\u00e9houri Bertin Paul-Arnaud, pr\u00e9sident de l&#8217;Observatoire pour le D\u00e9veloppement, l&#8217;Amiti\u00e9 et la Prosp\u00e9rit\u00e9 C\u00f4te d&#8217;Ivoire (ODAP-CI) et vice-pr\u00e9sident du PDCI-RDA, a pr\u00e9sent\u00e9 ses v\u0153ux de Nouvel An aux populations.<\/strong><\/em><\/p>\n<p>Il a saisi l&#8217;occasion pour aborder la prochaine \u00e9lection pr\u00e9sidentielle d&#8217;octobre 2024 en C\u00f4te d&#8217;Ivoire :<br \/>\n\u00ab Avec l\u2019\u00e9lection pr\u00e9sidentielle en ligne de mire, l\u2019avenir de la C\u00f4te d\u2019Ivoire est entre nos mains. Je vous exhorte, chers compatriotes, \u00e0 vous mobiliser en masse pour d\u00e9fendre nos droits, lutter contre les injustices, l\u2019intol\u00e9rance, la vie ch\u00e8re et la fraude qui minent notre pays. Faisons de cette \u00e9lection un moment de changement positif : votons massivement, faisons entendre nos voix et choisissons ensemble un avenir meilleur. \u00bb<\/p>\n<p>Il a \u00e9galement rendu hommage \u00e0 l\u2019engagement \u00ab remarquable \u00bb du pr\u00e9sident du PDCI-RDA, Tidjane Thiam, saluant son d\u00e9vouement inlassable et les sacrifices consentis. Selon lui, Tidjane Thiam incarne l\u2019espoir d\u2019un renouveau pour la C\u00f4te d\u2019Ivoire.<br \/>\n\u00ab Le changement que nous avons tant esp\u00e9r\u00e9 est \u00e0 port\u00e9e de main. Il est devant chaque porte, pr\u00eat \u00e0 transformer nos vies et \u00e0 redonner vie \u00e0 notre nation. Il ne tient qu\u2019\u00e0 nous de l\u2019accepter, de le porter avec foi et d\u00e9termination. \u00bb, a-t-il indiqu\u00e9.<\/p>\n<p>Revenant sur la r\u00e9vision de la liste \u00e9lectorale, qui s\u2019est d\u00e9roul\u00e9e du 19 octobre au 17 novembre 2024, Me Z\u00e9houri Bertin Paul-Arnaud a invit\u00e9 la Commission \u00c9lectorale Ind\u00e9pendante (CEI) \u00e0 \u00e9couter le cri du c\u0153ur des Ivoiriens et \u00e0 envisager l\u2019ouverture d&#8217;une nouvelle p\u00e9riode de r\u00e9vision pour permettre \u00e0 tous de s\u2019acquitter de leur devoir citoyen.<br \/>\n\u00ab Dans l\u2019ensemble, cette op\u00e9ration a \u00e9t\u00e9 un succ\u00e8s, car elle a d\u00e9montr\u00e9 l\u2019int\u00e9r\u00eat r\u00e9el que les Ivoiriens portent \u00e0 leur devoir civique. Cependant, de nombreux citoyens n\u2019ont pas pu s\u2019inscrire en raison des difficult\u00e9s administratives li\u00e9es \u00e0 l\u2019acquisition des documents n\u00e9cessaires. \u00bb, a-t-il d\u00e9clar\u00e9.<\/p>\n<p><strong>Ibrahim Khalil<\/strong><\/p>\n","protected":false},"excerpt":{"rendered":"<p>Dans une d\u00e9claration dont nous avons re\u00e7u copie, Me Z\u00e9houri Bertin Paul-Arnaud, pr\u00e9sident de l&#8217;Observatoire pour le D\u00e9veloppement, l&#8217;Amiti\u00e9 et la Prosp\u00e9rit\u00e9 C\u00f4te d&#8217;Ivoire (ODAP-CI) et vice-pr\u00e9sident du PDCI-RDA, a pr\u00e9sent\u00e9 ses v\u0153ux de Nouvel An aux populations. Il a saisi l&#8217;occasion pour aborder la prochaine \u00e9lection pr\u00e9sidentielle d&#8217;octobre 2024 en C\u00f4te d&#8217;Ivoire : \u00ab [&hellip;]<\/p>\n","protected":false},"author":4,"featured_media":36455,"comment_status":"closed","ping_status":"closed","sticky":false,"template":"","format":"standard","meta":{"_monsterinsights_skip_tracking":false,"_monsterinsights_sitenote_active":false,"_monsterinsights_sitenote_note":"","_monsterinsights_sitenote_category":0,"footnotes":""},"categories":[2,17],"tags":[636,4493,4494],"class_list":["post-36454","post","type-post","status-publish","format-standard","has-post-thumbnail","hentry","category-featured","category-politique","tag-election","tag-presidentielle-2025-me-zehouri-bertin","tag-vice-president-pdci"],"_links":{"self":[{"href":"https:\/\/www.lintelligentdabidjan.info\/news\/wp-json\/wp\/v2\/posts\/36454","targetHints":{"allow":["GET"]}}],"collection":[{"href":"https:\/\/www.lintelligentdabidjan.info\/news\/wp-json\/wp\/v2\/posts"}],"about":[{"href":"https:\/\/www.lintelligentdabidjan.info\/news\/wp-json\/wp\/v2\/types\/post"}],"author":[{"embeddable":true,"href":"https:\/\/www.lintelligentdabidjan.info\/news\/wp-json\/wp\/v2\/users\/4"}],"replies":[{"embeddable":true,"href":"https:\/\/www.lintelligentdabidjan.info\/news\/wp-json\/wp\/v2\/comments?post=36454"}],"version-history":[{"count":1,"href":"https:\/\/www.lintelligentdabidjan.info\/news\/wp-json\/wp\/v2\/posts\/36454\/revisions"}],"predecessor-version":[{"id":36456,"href":"https:\/\/www.lintelligentdabidjan.info\/news\/wp-json\/wp\/v2\/posts\/36454\/revisions\/36456"}],"wp:featuredmedia":[{"embeddable":true,"href":"https:\/\/www.lintelligentdabidjan.info\/news\/wp-json\/wp\/v2\/media\/36455"}],"wp:attachment":[{"href":"https:\/\/www.lintelligentdabidjan.info\/news\/wp-json\/wp\/v2\/media?parent=36454"}],"wp:term":[{"taxonomy":"category","embeddable":true,"href":"https:\/\/www.lintelligentdabidjan.info\/news\/wp-json\/wp\/v2\/categories?post=36454"},{"taxonomy":"post_tag","embeddable":true,"href":"https:\/\/www.lintelligentdabidjan.info\/news\/wp-json\/wp\/v2\/tags?post=36454"}],"curies":[{"name":"wp","href":"https:\/\/api.w.org\/{rel}","templated":true}]}}