{"id":36460,"date":"2024-12-31T00:10:59","date_gmt":"2024-12-30T23:10:59","guid":{"rendered":"https:\/\/www.lintelligentdabidjan.info\/news\/?p=36460"},"modified":"2024-12-31T00:30:58","modified_gmt":"2024-12-30T23:30:58","slug":"visite-dans-les-regies-financieres-adama-coulibaly-encourage-la-dgi-a-poursuivre-les-efforts","status":"publish","type":"post","link":"https:\/\/www.lintelligentdabidjan.info\/news\/visite-dans-les-regies-financieres-adama-coulibaly-encourage-la-dgi-a-poursuivre-les-efforts\/","title":{"rendered":"Visite  dans les r\u00e9gies financi\u00e8res &#8211;   Adama Coulibaly  encourage la DGI \u00e0 poursuivre les efforts"},"content":{"rendered":"<p><em><strong>Adama Coulibaly  a encourag\u00e9  la DGI \u00e0 poursuivre les efforts dans le cadre de la visite qu&#8217;il a entam\u00e9e dans les r\u00e9gies financi\u00e8res. <\/strong><\/em><\/p>\n<p>Le ministre des Finances et du Budget, Adama Coulibaly a visit\u00e9, ce lundi 30 d\u00e9cembre 2024, les services des assiettes et des recettes de la Direction R\u00e9gionale Abidjan Nord 1, situ\u00e9e \u00e0 Cocody, relevant de la Direction G\u00e9n\u00e9rale des Imp\u00f4ts (DGI). Cette visite s&#8217;inscrit dans une s\u00e9rie de d\u00e9placements qu&#8217;il a entam\u00e9e depuis la semaine derni\u00e8re  aupr\u00e8s des r\u00e9gies financi\u00e8res pour des s\u00e9ances de travail. Apr\u00e8s la Direction G\u00e9n\u00e9rale du Tr\u00e9sor et de la Comptabilit\u00e9 Publique, ainsi que la Direction G\u00e9n\u00e9rale des Douanes, cette d\u00e9marche vise \u00e0 constater de visu les conditions de travail et les r\u00e9alit\u00e9s des diff\u00e9rentes directions.<\/p>\n<p> Ces visites s\u2019inscrivent dans le cadre du programme de travail du ministre avec les structures sous tutelle de son d\u00e9partement.<\/p>\n<p>Intervenant, il a soulign\u00e9 que &#8220;cette ann\u00e9e est marqu\u00e9e par des d\u00e9fis majeurs et des opportunit\u00e9s pour la C\u00f4te d\u2019Ivoire&#8221;, en mettant l\u2019accent sur le programme du Fonds Mon\u00e9taire International (FMI), dont &#8220;la mobilisation des ressources domestiques&#8221; constitue un \u00e9l\u00e9ment central.<\/p>\n<p>Poursuivant, le ministre a renouvel\u00e9 ses f\u00e9licitations au Directeur g\u00e9n\u00e9ral, l\u2019encourageant \u00e0 poursuivre les efforts engag\u00e9s. Il a \u00e9galement exprim\u00e9 toute son appr\u00e9ciation aux agents pour &#8220;leur engagement, leur d\u00e9termination et leur mobilisation pour l\u2019atteinte des objectifs&#8221;.<\/p>\n<p>\u00ab \u00c0 fin novembre, la recette brute donne un montant qui est relativement important. Nous voyons que le taux de recouvrement est aux environs de 95 %. Il y a quand m\u00eame quelques petits efforts additionnels \u00e0 faire pour nous permettre d\u2019\u00eatre \u00e0 niveau. Pour le mois de d\u00e9cembre, les objectifs sont encore plus ambitieux. Les tendances que nous observons sont encourageantes pour le mois de d\u00e9cembre. Mais comme je l\u2019ai dit, il y a des efforts \u00e0 faire pour qu\u2019au 31 d\u00e9cembre, c\u2019est demain, nous puissions boucler les op\u00e9rations, nous assurer que nous sommes au niveau des attentes qui sont celles de nos autorit\u00e9s \u00bb, a-t-il soulign\u00e9.<\/p>\n<p>\u00c0 cet effet, le ministre a exhort\u00e9 cette r\u00e9gie financi\u00e8re \u00e0 intensifier ses efforts tout en faisant preuve de rigueur et d\u2019innovation dans l\u2019accomplissement des missions qui lui sont assign\u00e9es.<\/p>\n<p>En ce qui concerne les perspectives pour l\u2019ann\u00e9e 2025, il a indiqu\u00e9 que &#8220;c\u2019est une ann\u00e9e qui s\u2019annonce fondamentale pour la conduite de la politique du gouvernement&#8221;. Il a pr\u00e9cis\u00e9 que cette politique sera marqu\u00e9e par &#8220;la finalisation du plan national de d\u00e9veloppement 2026-2030&#8221;, en parall\u00e8le avec &#8220;la fin du PND 2021-2025&#8221; et &#8220;la strat\u00e9gie de mobilisation de ressources \u00e0 moyen terme&#8221;.<\/p>\n<p>Selon lui, la mise en \u0153uvre de cette strat\u00e9gie d\u00e9pendra de &#8220;notre engagement collectif et de notre d\u00e9termination \u00e0 mettre en \u0153uvre les r\u00e9formes n\u00e9cessaires&#8221;. Il a insist\u00e9 sur l\u2019importance d\u2019assainir le fichier des contribuables, d\u2019\u00e9largir l\u2019assiette fiscale en augmentant le nombre de contribuables, et d\u2019am\u00e9liorer le recouvrement de l\u2019imp\u00f4t foncier.<\/p>\n<p>Le Directeur G\u00e9n\u00e9ral de la DGI, Ouattara Si\u00e9 Abou, a assur\u00e9, pour sa part, que lui et ses collaborateurs restent pleinement engag\u00e9s dans la mobilisation des ressources domestiques.<\/p>\n<p><strong>Tour\u00e9 Abdoulaye<\/strong><\/p>\n","protected":false},"excerpt":{"rendered":"<p>Adama Coulibaly a encourag\u00e9 la DGI \u00e0 poursuivre les efforts dans le cadre de la visite qu&#8217;il a entam\u00e9e dans les r\u00e9gies financi\u00e8res. Le ministre des Finances et du Budget, Adama Coulibaly a visit\u00e9, ce lundi 30 d\u00e9cembre 2024, les services des assiettes et des recettes de la Direction R\u00e9gionale Abidjan Nord 1, situ\u00e9e \u00e0 [&hellip;]<\/p>\n","protected":false},"author":4,"featured_media":36461,"comment_status":"closed","ping_status":"closed","sticky":false,"template":"","format":"standard","meta":{"_monsterinsights_skip_tracking":false,"_monsterinsights_sitenote_active":false,"_monsterinsights_sitenote_note":"","_monsterinsights_sitenote_category":0,"footnotes":""},"categories":[2,18],"tags":[564,3029,4496],"class_list":["post-36460","post","type-post","status-publish","format-standard","has-post-thumbnail","hentry","category-featured","category-economie","tag-adama-coulibaly","tag-dgi","tag-s-regies-financieres"],"_links":{"self":[{"href":"https:\/\/www.lintelligentdabidjan.info\/news\/wp-json\/wp\/v2\/posts\/36460","targetHints":{"allow":["GET"]}}],"collection":[{"href":"https:\/\/www.lintelligentdabidjan.info\/news\/wp-json\/wp\/v2\/posts"}],"about":[{"href":"https:\/\/www.lintelligentdabidjan.info\/news\/wp-json\/wp\/v2\/types\/post"}],"author":[{"embeddable":true,"href":"https:\/\/www.lintelligentdabidjan.info\/news\/wp-json\/wp\/v2\/users\/4"}],"replies":[{"embeddable":true,"href":"https:\/\/www.lintelligentdabidjan.info\/news\/wp-json\/wp\/v2\/comments?post=36460"}],"version-history":[{"count":2,"href":"https:\/\/www.lintelligentdabidjan.info\/news\/wp-json\/wp\/v2\/posts\/36460\/revisions"}],"predecessor-version":[{"id":36463,"href":"https:\/\/www.lintelligentdabidjan.info\/news\/wp-json\/wp\/v2\/posts\/36460\/revisions\/36463"}],"wp:featuredmedia":[{"embeddable":true,"href":"https:\/\/www.lintelligentdabidjan.info\/news\/wp-json\/wp\/v2\/media\/36461"}],"wp:attachment":[{"href":"https:\/\/www.lintelligentdabidjan.info\/news\/wp-json\/wp\/v2\/media?parent=36460"}],"wp:term":[{"taxonomy":"category","embeddable":true,"href":"https:\/\/www.lintelligentdabidjan.info\/news\/wp-json\/wp\/v2\/categories?post=36460"},{"taxonomy":"post_tag","embeddable":true,"href":"https:\/\/www.lintelligentdabidjan.info\/news\/wp-json\/wp\/v2\/tags?post=36460"}],"curies":[{"name":"wp","href":"https:\/\/api.w.org\/{rel}","templated":true}]}}