{"id":36465,"date":"2024-12-31T23:38:34","date_gmt":"2024-12-31T22:38:34","guid":{"rendered":"https:\/\/www.lintelligentdabidjan.info\/news\/?p=36465"},"modified":"2024-12-31T23:38:34","modified_gmt":"2024-12-31T22:38:34","slug":"presidentielle-2025-ouattara-appelle-a-consolider-les-acquis-enregistres-depuis-2011","status":"publish","type":"post","link":"https:\/\/www.lintelligentdabidjan.info\/news\/presidentielle-2025-ouattara-appelle-a-consolider-les-acquis-enregistres-depuis-2011\/","title":{"rendered":"Pr\u00e9sidentielle 2025- Ouattara appelle \u00e0 consolider les acquis enregistr\u00e9s depuis 2011"},"content":{"rendered":"<p><em><strong>Le pr\u00e9sident de la R\u00e9publique de C\u00f4te d&#8217;Ivoire, Alassane Ouattara, a fait son traditionnel discours \u00e0 la nation \u00e0 la veille  du nouvel an, le mardi 31 d\u00e9cembre 2024. Lors de son intervention, le chef de l&#8217;\u00c9tat a mis en avant les enjeux de l&#8217;\u00e9lection pr\u00e9sidentielle pr\u00e9vue en 2025 et a appel\u00e9 \u00e0 consolider les acquis enregistr\u00e9s depuis 2011.<\/strong><\/em><\/p>\n<p>\u00ab L&#8217;ann\u00e9e 2025 sera marqu\u00e9e par la tenue de l&#8217;\u00e9lection pr\u00e9sidentielle. Ce scrutin sera encore une fois l&#8217;occasion de confirmer la maturit\u00e9 politique de nos concitoyens, la force de nos institutions et l&#8217;enracinement de notre d\u00e9mocratie. Je voudrais donner l&#8217;assurance \u00e0 tous ainsi qu&#8217;\u00e0 l&#8217;ensemble de nos partenaires que l&#8217;\u00e9lection sera apais\u00e9e, transparente et d\u00e9mocratique. Nous devons consolider les acquis enregistr\u00e9s depuis 2011 pour continuer notre marche vers le d\u00e9veloppement dans la paix, l&#8217;union et la discipline \u00bb, a souhait\u00e9 le pr\u00e9sident de la R\u00e9publique.<\/p>\n<p><strong>Tour\u00e9 Abdoulaye<\/strong><\/p>\n","protected":false},"excerpt":{"rendered":"<p>Le pr\u00e9sident de la R\u00e9publique de C\u00f4te d&#8217;Ivoire, Alassane Ouattara, a fait son traditionnel discours \u00e0 la nation \u00e0 la veille du nouvel an, le mardi 31 d\u00e9cembre 2024. Lors de son intervention, le chef de l&#8217;\u00c9tat a mis en avant les enjeux de l&#8217;\u00e9lection pr\u00e9sidentielle pr\u00e9vue en 2025 et a appel\u00e9 \u00e0 consolider les [&hellip;]<\/p>\n","protected":false},"author":4,"featured_media":36466,"comment_status":"closed","ping_status":"closed","sticky":false,"template":"","format":"standard","meta":{"_monsterinsights_skip_tracking":false,"_monsterinsights_sitenote_active":false,"_monsterinsights_sitenote_note":"","_monsterinsights_sitenote_category":0,"footnotes":""},"categories":[2,17],"tags":[39,4497,901,4498],"class_list":["post-36465","post","type-post","status-publish","format-standard","has-post-thumbnail","hentry","category-featured","category-politique","tag-alassane-ouattara","tag-le-president-de-la-republique-de-cote-divoire","tag-nation","tag-traditionnel-discours"],"_links":{"self":[{"href":"https:\/\/www.lintelligentdabidjan.info\/news\/wp-json\/wp\/v2\/posts\/36465","targetHints":{"allow":["GET"]}}],"collection":[{"href":"https:\/\/www.lintelligentdabidjan.info\/news\/wp-json\/wp\/v2\/posts"}],"about":[{"href":"https:\/\/www.lintelligentdabidjan.info\/news\/wp-json\/wp\/v2\/types\/post"}],"author":[{"embeddable":true,"href":"https:\/\/www.lintelligentdabidjan.info\/news\/wp-json\/wp\/v2\/users\/4"}],"replies":[{"embeddable":true,"href":"https:\/\/www.lintelligentdabidjan.info\/news\/wp-json\/wp\/v2\/comments?post=36465"}],"version-history":[{"count":1,"href":"https:\/\/www.lintelligentdabidjan.info\/news\/wp-json\/wp\/v2\/posts\/36465\/revisions"}],"predecessor-version":[{"id":36467,"href":"https:\/\/www.lintelligentdabidjan.info\/news\/wp-json\/wp\/v2\/posts\/36465\/revisions\/36467"}],"wp:featuredmedia":[{"embeddable":true,"href":"https:\/\/www.lintelligentdabidjan.info\/news\/wp-json\/wp\/v2\/media\/36466"}],"wp:attachment":[{"href":"https:\/\/www.lintelligentdabidjan.info\/news\/wp-json\/wp\/v2\/media?parent=36465"}],"wp:term":[{"taxonomy":"category","embeddable":true,"href":"https:\/\/www.lintelligentdabidjan.info\/news\/wp-json\/wp\/v2\/categories?post=36465"},{"taxonomy":"post_tag","embeddable":true,"href":"https:\/\/www.lintelligentdabidjan.info\/news\/wp-json\/wp\/v2\/tags?post=36465"}],"curies":[{"name":"wp","href":"https:\/\/api.w.org\/{rel}","templated":true}]}}