{"id":36468,"date":"2025-01-01T00:26:36","date_gmt":"2024-12-31T23:26:36","guid":{"rendered":"https:\/\/www.lintelligentdabidjan.info\/news\/?p=36468"},"modified":"2025-01-01T00:47:07","modified_gmt":"2024-12-31T23:47:07","slug":"discours-de-nouvel-an-du-chef-de-letat-a-la-nation-ouattara-thomas-daquin-encore-immortalise","status":"publish","type":"post","link":"https:\/\/www.lintelligentdabidjan.info\/news\/discours-de-nouvel-an-du-chef-de-letat-a-la-nation-ouattara-thomas-daquin-encore-immortalise\/","title":{"rendered":"Discours de nouvel an du chef de l&#8217;Etat \u00e0 la nation-  Ouattara Thomas d&#8217;Aquin encore immortalis\u00e9"},"content":{"rendered":"<p><em><strong>Ouattara Thomas d\u2019Aquin a encore \u00e9t\u00e9 immortalis\u00e9 par le chef de l&#8217;Etat Alassane Ouattara lors de son traditionnel discours de nouvel an \u00e0 la nation. <\/strong><\/em><\/p>\n<p>Au cours de son message de fin d&#8217;ann\u00e9e \u00e0 la nation, le mardi 31 d\u00e9cembre 2024, le pr\u00e9sident ivoirien a annonc\u00e9 que le camp du 43e BIMA, le Bataillon d\u2019Infanterie de Marine de Port-Bou\u00ebt, sera r\u00e9troc\u00e9d\u00e9 aux Forces Arm\u00e9es de C\u00f4te d\u2019Ivoire d\u00e8s le mois de janvier 2025 et baptis\u00e9 du nom du G\u00e9n\u00e9ral Ouattara Thomas d\u2019Aquin.<\/p>\n<p>Ainsi, le chef de l&#8217;\u00c9tat a affirm\u00e9 que la modernisation de l&#8217;arm\u00e9e ivoirienne \u00e9tait d\u00e9sormais effective, se f\u00e9licitant des progr\u00e8s accomplis dans ce domaine. Il a expliqu\u00e9 que c&#8217;\u00e9tait dans ce cadre que le retrait concert\u00e9 et organis\u00e9 des Forces fran\u00e7aises en C\u00f4te d&#8217;Ivoire avait \u00e9t\u00e9 d\u00e9cid\u00e9. Ainsi, le camp du 43e BIMA sera officiellement r\u00e9troc\u00e9d\u00e9 aux Forces Arm\u00e9es de C\u00f4te d&#8217;Ivoire d\u00e8s le mois de janvier 2025.<\/p>\n<p>\u00ab Pour marquer cette nouvelle \u00e9tape de la vie de notre Arm\u00e9e, j\u2019ai d\u00e9cid\u00e9 de baptiser ce camp du nom du G\u00e9n\u00e9ral Ouattara Thomas d\u2019Aquin, militaire au parcours exceptionnel et tout premier Chef d\u2019\u00c9tat-Major de l\u2019Arm\u00e9e ivoirienne \u00bb, a d\u00e9clar\u00e9 Alassane Ouattara.<\/p>\n<p>Avant que le camp du 43e BIMA ne soit baptis\u00e9 de son nom, le G\u00e9n\u00e9ral Ouattara Thomas d\u2019Aquin avait d\u00e9j\u00e0 \u00e9t\u00e9 honor\u00e9 \u00e0 l\u2019\u00c9tat-Major au Plateau. En effet, la place d\u2019Armes de cette institution porte son nom depuis le 1er ao\u00fbt 2019. Une st\u00e8le lui avait m\u00eame \u00e9t\u00e9 d\u00e9di\u00e9e \u00e0 cette occasion, lors d\u2019une c\u00e9r\u00e9monie inaugurale pr\u00e9sid\u00e9e par feu le Premier ministre Amadou Gon Coulibaly, en pr\u00e9sence de feu le Premier ministre Hamed Bakayoko, alors ministre d\u2019\u00c9tat, ministre de la D\u00e9fense.<\/p>\n<p><strong>Tour\u00e9 Abdoulaye<\/strong><\/p>\n","protected":false},"excerpt":{"rendered":"<p>Ouattara Thomas d\u2019Aquin a encore \u00e9t\u00e9 immortalis\u00e9 par le chef de l&#8217;Etat Alassane Ouattara lors de son traditionnel discours de nouvel an \u00e0 la nation. Au cours de son message de fin d&#8217;ann\u00e9e \u00e0 la nation, le mardi 31 d\u00e9cembre 2024, le pr\u00e9sident ivoirien a annonc\u00e9 que le camp du 43e BIMA, le Bataillon d\u2019Infanterie [&hellip;]<\/p>\n","protected":false},"author":4,"featured_media":36470,"comment_status":"closed","ping_status":"closed","sticky":false,"template":"","format":"standard","meta":{"_monsterinsights_skip_tracking":false,"_monsterinsights_sitenote_active":false,"_monsterinsights_sitenote_note":"","_monsterinsights_sitenote_category":0,"footnotes":""},"categories":[2,17],"tags":[2217,4499,4501,901,4500],"class_list":["post-36468","post","type-post","status-publish","format-standard","has-post-thumbnail","hentry","category-featured","category-politique","tag-chef-de-letat","tag-discours-de-nouvel-an","tag-immortalise","tag-nation","tag-ouattara-thomas-daquin"],"_links":{"self":[{"href":"https:\/\/www.lintelligentdabidjan.info\/news\/wp-json\/wp\/v2\/posts\/36468","targetHints":{"allow":["GET"]}}],"collection":[{"href":"https:\/\/www.lintelligentdabidjan.info\/news\/wp-json\/wp\/v2\/posts"}],"about":[{"href":"https:\/\/www.lintelligentdabidjan.info\/news\/wp-json\/wp\/v2\/types\/post"}],"author":[{"embeddable":true,"href":"https:\/\/www.lintelligentdabidjan.info\/news\/wp-json\/wp\/v2\/users\/4"}],"replies":[{"embeddable":true,"href":"https:\/\/www.lintelligentdabidjan.info\/news\/wp-json\/wp\/v2\/comments?post=36468"}],"version-history":[{"count":2,"href":"https:\/\/www.lintelligentdabidjan.info\/news\/wp-json\/wp\/v2\/posts\/36468\/revisions"}],"predecessor-version":[{"id":36474,"href":"https:\/\/www.lintelligentdabidjan.info\/news\/wp-json\/wp\/v2\/posts\/36468\/revisions\/36474"}],"wp:featuredmedia":[{"embeddable":true,"href":"https:\/\/www.lintelligentdabidjan.info\/news\/wp-json\/wp\/v2\/media\/36470"}],"wp:attachment":[{"href":"https:\/\/www.lintelligentdabidjan.info\/news\/wp-json\/wp\/v2\/media?parent=36468"}],"wp:term":[{"taxonomy":"category","embeddable":true,"href":"https:\/\/www.lintelligentdabidjan.info\/news\/wp-json\/wp\/v2\/categories?post=36468"},{"taxonomy":"post_tag","embeddable":true,"href":"https:\/\/www.lintelligentdabidjan.info\/news\/wp-json\/wp\/v2\/tags?post=36468"}],"curies":[{"name":"wp","href":"https:\/\/api.w.org\/{rel}","templated":true}]}}