{"id":36475,"date":"2025-01-01T01:12:29","date_gmt":"2025-01-01T00:12:29","guid":{"rendered":"https:\/\/www.lintelligentdabidjan.info\/news\/?p=36475"},"modified":"2025-01-01T01:12:34","modified_gmt":"2025-01-01T00:12:34","slug":"programme-jeunesse-du-gouvernement-ouattara-annonce-la-construction-dune-cite-de-linnovation-et-de-la-culture","status":"publish","type":"post","link":"https:\/\/www.lintelligentdabidjan.info\/news\/programme-jeunesse-du-gouvernement-ouattara-annonce-la-construction-dune-cite-de-linnovation-et-de-la-culture\/","title":{"rendered":"Programme jeunesse du gouvernement- Ouattara annonce la construction d&#8217;une Cit\u00e9  de l&#8217;Innovation et de la Culture."},"content":{"rendered":"<p><em><strong>Ouattara a annonc\u00e9  la construction d&#8217;une Cit\u00e9 de l&#8217;Innovation et de la Culture dans le cadre du Programme jeunesse du gouvernement. <\/strong><\/em><\/p>\n<p>Lors de son traditionnel discours \u00e0 la nation, prononc\u00e9 le 31 d\u00e9cembre 2024 \u00e0 la veille de la nouvelle ann\u00e9e, le pr\u00e9sident de la R\u00e9publique de C\u00f4te d\u2019Ivoire, Alassane Ouattara, a accord\u00e9 une place particuli\u00e8re \u00e0 la jeunesse ivoirienne. Soulignant leur r\u00f4le dans l\u2019avenir du pays, le chef de l\u2019\u00c9tat a d\u00e9voil\u00e9 des initiatives majeures pour favoriser leur \u00e9panouissement et leur contribution au d\u00e9veloppement national.<\/p>\n<p>S\u2019adressant aux jeunes, le pr\u00e9sident a reconnu leur ambition, leur soif d\u2019ind\u00e9pendance et leur volont\u00e9 de participer activement au rayonnement de la C\u00f4te d\u2019Ivoire. \u00ab Vous constituez l\u2019avenir de notre pays. C\u2019est pourquoi, j\u2019attache une attention particuli\u00e8re aux mesures en faveur de votre \u00e9panouissement \u00bb, a-t-il d\u00e9clar\u00e9.<\/p>\n<p>Il a rappel\u00e9 les efforts d\u00e9j\u00e0 d\u00e9ploy\u00e9s \u00e0 travers le Programme Jeunesse du Gouvernement, qui a b\u00e9n\u00e9fici\u00e9 \u00e0 des milliers de jeunes \u00e0 travers des opportunit\u00e9s d\u2019emploi, de formation et d\u2019accompagnement entrepreneurial. Ce programme t\u00e9moigne de l\u2019engagement de l\u2019\u00c9tat \u00e0 offrir des solutions aux d\u00e9fis rencontr\u00e9s par la jeunesse.<br \/>\nLe pr\u00e9sident Alassane Ouattara a \u00e9galement annonc\u00e9 une initiative ambitieuse pour 2025 : la construction d\u2019une Cit\u00e9 de l\u2019Innovation et de la culture. Cette infrastructure, qui sera dot\u00e9e de technologies de pointe, vise \u00e0 encourager l\u2019innovation, \u00e0 promouvoir les arts et \u00e0 stimuler l\u2019entrepreneuriat.<br \/>\n\u00ab Cette cit\u00e9 va int\u00e9grer et regrouper dans un lieu unique des infrastructures technologiques de derni\u00e8re g\u00e9n\u00e9ration. Elle int\u00e9grera des incubateurs de start-up, ainsi que des espaces d\u00e9di\u00e9s \u00e0 la cr\u00e9ation et \u00e0 la promotion des arts et de la culture \u00bb, a-t-il pr\u00e9cis\u00e9.<\/p>\n<p><strong>Ly Abdul<\/strong><\/p>\n","protected":false},"excerpt":{"rendered":"<p>Ouattara a annonc\u00e9 la construction d&#8217;une Cit\u00e9 de l&#8217;Innovation et de la Culture dans le cadre du Programme jeunesse du gouvernement. Lors de son traditionnel discours \u00e0 la nation, prononc\u00e9 le 31 d\u00e9cembre 2024 \u00e0 la veille de la nouvelle ann\u00e9e, le pr\u00e9sident de la R\u00e9publique de C\u00f4te d\u2019Ivoire, Alassane Ouattara, a accord\u00e9 une place [&hellip;]<\/p>\n","protected":false},"author":4,"featured_media":36472,"comment_status":"closed","ping_status":"closed","sticky":false,"template":"","format":"standard","meta":{"_monsterinsights_skip_tracking":false,"_monsterinsights_sitenote_active":false,"_monsterinsights_sitenote_note":"","_monsterinsights_sitenote_category":0,"footnotes":""},"categories":[2,17,3],"tags":[],"class_list":["post-36475","post","type-post","status-publish","format-standard","has-post-thumbnail","hentry","category-featured","category-politique","category-societe"],"_links":{"self":[{"href":"https:\/\/www.lintelligentdabidjan.info\/news\/wp-json\/wp\/v2\/posts\/36475","targetHints":{"allow":["GET"]}}],"collection":[{"href":"https:\/\/www.lintelligentdabidjan.info\/news\/wp-json\/wp\/v2\/posts"}],"about":[{"href":"https:\/\/www.lintelligentdabidjan.info\/news\/wp-json\/wp\/v2\/types\/post"}],"author":[{"embeddable":true,"href":"https:\/\/www.lintelligentdabidjan.info\/news\/wp-json\/wp\/v2\/users\/4"}],"replies":[{"embeddable":true,"href":"https:\/\/www.lintelligentdabidjan.info\/news\/wp-json\/wp\/v2\/comments?post=36475"}],"version-history":[{"count":1,"href":"https:\/\/www.lintelligentdabidjan.info\/news\/wp-json\/wp\/v2\/posts\/36475\/revisions"}],"predecessor-version":[{"id":36477,"href":"https:\/\/www.lintelligentdabidjan.info\/news\/wp-json\/wp\/v2\/posts\/36475\/revisions\/36477"}],"wp:featuredmedia":[{"embeddable":true,"href":"https:\/\/www.lintelligentdabidjan.info\/news\/wp-json\/wp\/v2\/media\/36472"}],"wp:attachment":[{"href":"https:\/\/www.lintelligentdabidjan.info\/news\/wp-json\/wp\/v2\/media?parent=36475"}],"wp:term":[{"taxonomy":"category","embeddable":true,"href":"https:\/\/www.lintelligentdabidjan.info\/news\/wp-json\/wp\/v2\/categories?post=36475"},{"taxonomy":"post_tag","embeddable":true,"href":"https:\/\/www.lintelligentdabidjan.info\/news\/wp-json\/wp\/v2\/tags?post=36475"}],"curies":[{"name":"wp","href":"https:\/\/api.w.org\/{rel}","templated":true}]}}