{"id":36484,"date":"2025-01-01T11:17:38","date_gmt":"2025-01-01T10:17:38","guid":{"rendered":"https:\/\/www.lintelligentdabidjan.info\/news\/?p=36484"},"modified":"2025-01-01T11:17:43","modified_gmt":"2025-01-01T10:17:43","slug":"presidentielle-2025-le-candidat-de-ludcy-connu-le-29-mars","status":"publish","type":"post","link":"https:\/\/www.lintelligentdabidjan.info\/news\/presidentielle-2025-le-candidat-de-ludcy-connu-le-29-mars\/","title":{"rendered":"Pr\u00e9sidentielle 2025-  Le candidat de l&#8217;UDCY connu le 29 mars"},"content":{"rendered":"<p><em><strong>Dans son message de v\u0153ux du nouvel an adress\u00e9 aux militants et militantes, dont nous avons re\u00e7u copie, le pr\u00e9sident de l&#8217;Union D\u00e9mocratique et Citoyenne (UDCY), Gnanzi Anicet, a annonc\u00e9 la tenue de la Convention Nationale le samedi 29 mars 2025. Cette rencontre sera consacr\u00e9e \u00e0 la d\u00e9signation du candidat du parti pour l\u2019\u00e9lection pr\u00e9sidentielle pr\u00e9vue en octobre 2025.<\/strong><\/em><\/p>\n<p>\u00ab Chers militants de l&#8217;UDCY,<br \/>\nPrenons la place qui est la n\u00f4tre dans l\u2019ar\u00e8ne politique en participant activement \u00e0 cette \u00e9lection pr\u00e9sidentielle qui s\u2019annonce tr\u00e8s ouverte. Cela passe, bien entendu, par la bonne organisation et la r\u00e9ussite de la Convention nationale de l\u2019UDCY, \u00e0 laquelle je vous invite \u00e0 participer massivement le samedi 29 mars 2025 \u00bb,<br \/>\na-t-il d\u00e9clar\u00e9.<\/p>\n<p>Gnanzi Anicet a exhort\u00e9 les militants \u00e0 garder espoir, \u00e0 se mobiliser et \u00e0 surmonter les obstacles, car, selon lui, \u00ab la victoire n&#8217;est plus tr\u00e8s loin \u00bb. Il a \u00e9galement lanc\u00e9 un appel \u00e0 l\u2019unit\u00e9 : \u00ab Soyons forts, main dans la main. \u00bb<\/p>\n<p>Le pr\u00e9sident de l\u2019UDCY a invit\u00e9 les Ivoiriens, notamment les militants de son parti, \u00e0 \u0153uvrer pour garantir une \u00e9lection pr\u00e9sidentielle apais\u00e9e, transparente et d\u00e9mocratique, conform\u00e9ment \u00e0 la vision exprim\u00e9e par le pr\u00e9sident de la R\u00e9publique, Alassane Ouattara, lors de son discours de nouvel an.<\/p>\n<p>Il a signifi\u00e9 que l\u2019UDCY, tout au long de l\u2019ann\u00e9e 2024, a plaid\u00e9 en faveur du dialogue et de la n\u00e9gociation comme seuls moyens de renforcer la coh\u00e9sion sociale. \u00c0 cet effet, il a \u00e9voqu\u00e9 l\u2019appel lanc\u00e9 par son parti le 23 juin 2024 pour l\u2019ouverture d\u2019une sixi\u00e8me phase du dialogue politique, dans l\u2019objectif de favoriser des \u00e9lections d\u00e9mocratiques, inclusives et pacifiques en 2025. \u00ab L\u2019ann\u00e9e 2025 prend le relais, et nous ne baisserons pas notre garde tant que l\u2019unit\u00e9 des fils et filles de notre si beau pays, la C\u00f4te d\u2019Ivoire, ne sera pas une r\u00e9alit\u00e9 \u00bb, a-t-il promis.<\/p>\n<p><strong>Ibrahim Khalil<\/strong><\/p>\n","protected":false},"excerpt":{"rendered":"<p>Dans son message de v\u0153ux du nouvel an adress\u00e9 aux militants et militantes, dont nous avons re\u00e7u copie, le pr\u00e9sident de l&#8217;Union D\u00e9mocratique et Citoyenne (UDCY), Gnanzi Anicet, a annonc\u00e9 la tenue de la Convention Nationale le samedi 29 mars 2025. Cette rencontre sera consacr\u00e9e \u00e0 la d\u00e9signation du candidat du parti pour l\u2019\u00e9lection pr\u00e9sidentielle [&hellip;]<\/p>\n","protected":false},"author":4,"featured_media":36485,"comment_status":"closed","ping_status":"closed","sticky":false,"template":"","format":"standard","meta":{"_monsterinsights_skip_tracking":false,"_monsterinsights_sitenote_active":false,"_monsterinsights_sitenote_note":"","_monsterinsights_sitenote_category":0,"footnotes":""},"categories":[2,3],"tags":[2178,1621,4506],"class_list":["post-36484","post","type-post","status-publish","format-standard","has-post-thumbnail","hentry","category-featured","category-societe","tag-candidat","tag-presidentielle-2025","tag-udcy"],"_links":{"self":[{"href":"https:\/\/www.lintelligentdabidjan.info\/news\/wp-json\/wp\/v2\/posts\/36484","targetHints":{"allow":["GET"]}}],"collection":[{"href":"https:\/\/www.lintelligentdabidjan.info\/news\/wp-json\/wp\/v2\/posts"}],"about":[{"href":"https:\/\/www.lintelligentdabidjan.info\/news\/wp-json\/wp\/v2\/types\/post"}],"author":[{"embeddable":true,"href":"https:\/\/www.lintelligentdabidjan.info\/news\/wp-json\/wp\/v2\/users\/4"}],"replies":[{"embeddable":true,"href":"https:\/\/www.lintelligentdabidjan.info\/news\/wp-json\/wp\/v2\/comments?post=36484"}],"version-history":[{"count":1,"href":"https:\/\/www.lintelligentdabidjan.info\/news\/wp-json\/wp\/v2\/posts\/36484\/revisions"}],"predecessor-version":[{"id":36486,"href":"https:\/\/www.lintelligentdabidjan.info\/news\/wp-json\/wp\/v2\/posts\/36484\/revisions\/36486"}],"wp:featuredmedia":[{"embeddable":true,"href":"https:\/\/www.lintelligentdabidjan.info\/news\/wp-json\/wp\/v2\/media\/36485"}],"wp:attachment":[{"href":"https:\/\/www.lintelligentdabidjan.info\/news\/wp-json\/wp\/v2\/media?parent=36484"}],"wp:term":[{"taxonomy":"category","embeddable":true,"href":"https:\/\/www.lintelligentdabidjan.info\/news\/wp-json\/wp\/v2\/categories?post=36484"},{"taxonomy":"post_tag","embeddable":true,"href":"https:\/\/www.lintelligentdabidjan.info\/news\/wp-json\/wp\/v2\/tags?post=36484"}],"curies":[{"name":"wp","href":"https:\/\/api.w.org\/{rel}","templated":true}]}}