{"id":36487,"date":"2025-01-01T13:51:54","date_gmt":"2025-01-01T12:51:54","guid":{"rendered":"https:\/\/www.lintelligentdabidjan.info\/news\/?p=36487"},"modified":"2025-01-01T13:59:09","modified_gmt":"2025-01-01T12:59:09","slug":"feu-dartifice-du-31-decembre-bacongo-illumine-abidjan-et-promet-un-meilleur-cadre-de-vie-et-de-travail-en-2025","status":"publish","type":"post","link":"https:\/\/www.lintelligentdabidjan.info\/news\/feu-dartifice-du-31-decembre-bacongo-illumine-abidjan-et-promet-un-meilleur-cadre-de-vie-et-de-travail-en-2025\/","title":{"rendered":"Feu d\u2019artifice du 31 d\u00e9cembre :   Bacongo illumine Abidjan et promet un meilleur cadre de vie et de travail en 2025"},"content":{"rendered":"<p><em><strong>Ibrahima Bacongo a illumin\u00e9 le ciel de la ville d&#8217;Abidjan avec le feu d\u2019artifice du 31 d\u00e9cembre et a promis un meilleur cadre de vie et de travail en 2025.<\/strong><\/em><\/p>\n<p>Le ciel de la ville d\u2019Abidjan a connu, dans la soir\u00e9e du 31 d\u00e9cembre 2024, sa traditionnelle luminescence de fin d\u2019ann\u00e9e. 25 minutes de feu d&#8217;artifice au dessus de la lagune \u00c9bri\u00e9 et de musique, depuis le Palais de la Culture de Treichville, \u00e0 l\u2019initiative du District autonome d\u2019Abidjan. \u00ab Chaque ann\u00e9e, en cette m\u00eame p\u00e9riode, sur les berges de la lagune \u00c9bri\u00e9, le District autonome d\u2019Abidjan s\u2019attelle \u00e0 faire de ces instants un moment de r\u00eave en offrant \u00e0 nos populations une c\u00e9l\u00e9bration f\u00e9erique. (\u2026) C&#8217;est un moment de bonheur intense, mais surtout d\u2019espoir et d\u2019esp\u00e9rance. Chacun d\u2019entre nous entre ainsi dans un nouveau monde avec la nouvelle ann\u00e9e. Une ann\u00e9e charg\u00e9e de d\u00e9fis, de jeux et d\u2019enjeux de d\u00e9veloppement socio-culturel, politique et \u00e9conomique au plan national et international \u00bb, a d\u00e9clar\u00e9 le ministre gouverneur du District autonome d\u2019Abidjan, Ibrahima Ciss\u00e9 Bacongo, lors de la c\u00e9r\u00e9monie au Palais de la culture. La Premi\u00e8re Dame Dominique Ouattara, marraine de l\u2019activit\u00e9, \u00e9tait repr\u00e9sent\u00e9e par la pr\u00e9sidente du S\u00e9nat, Kandia Camara.<\/p>\n<p>C&#8217;\u00e9tait l\u2019occasion pour le ministre, gouverneur du District de jeter un regard r\u00e9trospectif sur les actions de r\u00e9tablissement de l&#8217;ordre urbain men\u00e9es par ses services en 2024, et de faire des projections pour 2025. \u00ab L\u2019ann\u00e9e 2024 aura \u00e9t\u00e9 marqu\u00e9e par divers \u00e9v\u00e9nements dans le District d\u2019Abidjan. Notamment, les op\u00e9rations de lib\u00e9ration des emprises des ouvrages publics, des zones \u00e0 risque ainsi que la restauration de l\u2019ordre urbain qui ont suscit\u00e9, \u00e0 juste titre, de vives \u00e9motions dans l\u2019opinion publique nationale et internationale, m\u00eame si l\u2019objectif n\u2019\u00e9tait autre que de pr\u00e9server et de sauver des vies humaines. En 2025, je prends ici l\u2019engagement de r\u00e9habiliter moralement, psychologiquement, mat\u00e9riellement et physiquement les Abidjanaises et Abidjanais qui ont \u00e9t\u00e9 impact\u00e9s par les op\u00e9rations de restauration de l\u2019ordre urbain en 2024, en leur offrant un cadre de vie et de travail d\u00e9cent \u00bb, a-t-il assur\u00e9, en insistant sur la reconnaissance du Bureau du Conseil du District autonome d&#8217;Abidjan au Chef de l\u2019\u00c9tat \u00ab pour l\u2019appui qu&#8217;il n&#8217;a jamais cess\u00e9 de nous apporter, outre la confiance qu&#8217;il nous a toujours accord\u00e9e \u00e0 travers les indemnisations d\u00e9j\u00e0 effectu\u00e9es et la r\u00e9alisation imminente de 15 000 logements sociaux au b\u00e9n\u00e9fice des populations du District autonome d\u2019Abidjan impact\u00e9es par les op\u00e9rations de r\u00e9tablissement de l\u2019ordre urbain \u00bb.<\/p>\n<p><img loading=\"lazy\" decoding=\"async\" src=\"https:\/\/www.lintelligentdabidjan.info\/news\/wp-content\/uploads\/2025\/01\/IMG_6044-300x170.jpeg\" alt=\"IMG_6044\" width=\"300\" height=\"170\" class=\"alignnone size-medium wp-image-36490\" srcset=\"https:\/\/www.lintelligentdabidjan.info\/news\/wp-content\/uploads\/2025\/01\/IMG_6044-300x170.jpeg 300w, https:\/\/www.lintelligentdabidjan.info\/news\/wp-content\/uploads\/2025\/01\/IMG_6044-768x436.jpeg 768w, https:\/\/www.lintelligentdabidjan.info\/news\/wp-content\/uploads\/2025\/01\/IMG_6044-1024x581.jpeg 1024w, https:\/\/www.lintelligentdabidjan.info\/news\/wp-content\/uploads\/2025\/01\/IMG_6044-696x395.jpeg 696w, https:\/\/www.lintelligentdabidjan.info\/news\/wp-content\/uploads\/2025\/01\/IMG_6044-1068x606.jpeg 1068w, https:\/\/www.lintelligentdabidjan.info\/news\/wp-content\/uploads\/2025\/01\/IMG_6044-740x420.jpeg 740w, https:\/\/www.lintelligentdabidjan.info\/news\/wp-content\/uploads\/2025\/01\/IMG_6044.jpeg 1284w\" sizes=\"auto, (max-width: 300px) 100vw, 300px\" \/><\/p>\n<p>Kandia Camara a transmis au ministre, gouverneur et \u00e0 ses collaborateurs les f\u00e9licitations et le soutien de la Premi\u00e8re Dame dans leurs actions pour l\u2019\u00e9panouissement des populations du District. Elle a salu\u00e9 la qualit\u00e9 du spectacle du feu d\u2019artifice. \u00ab Ce feu d\u2019artifice, qui n&#8217;a rien \u00e0 envier \u00e0 ce qui se fait de mieux \u00e0 travers le monde, vient unir les c\u0153urs des Ivoiriens l\u2019instant de quelques minutes. Cela permet d&#8217;entrer de bon pied dans l\u2019ann\u00e9e 2025. (\u2026) Devenu une tradition pour notre belle capitale abidjanaise, ce spectacle du 31 d\u00e9cembre permet aux populations de passer une fin d\u2019ann\u00e9e inoubliable. Monsieur le ministre, gouverneur, <\/p>\n<p>votre engagement et votre souci permanent pour le bien-\u00eatre de vos populations sont bien connus de tous. La Premi\u00e8re Dame me charge de vous transmettre toute sa fiert\u00e9 et sa disponibilit\u00e9 \u00e0 \u0153uvrer \u00e0 vos c\u00f4t\u00e9s \u00bb, a d\u00e9clar\u00e9 Kandia Camara. Pour l&#8217;ann\u00e9e 2024, le feu d\u2019artifice avait pour th\u00e8me : \u201cAbidjan, ville lumi\u00e8re, C\u00f4te d\u2019Ivoire unie et triomphante\u201d.<\/p>\n<p><strong>Jean-Hubert Koffo<\/strong><\/p>\n","protected":false},"excerpt":{"rendered":"<p>Ibrahima Bacongo a illumin\u00e9 le ciel de la ville d&#8217;Abidjan avec le feu d\u2019artifice du 31 d\u00e9cembre et a promis un meilleur cadre de vie et de travail en 2025. Le ciel de la ville d\u2019Abidjan a connu, dans la soir\u00e9e du 31 d\u00e9cembre 2024, sa traditionnelle luminescence de fin d\u2019ann\u00e9e. 25 minutes de feu [&hellip;]<\/p>\n","protected":false},"author":4,"featured_media":36489,"comment_status":"closed","ping_status":"closed","sticky":false,"template":"","format":"standard","meta":{"_monsterinsights_skip_tracking":false,"_monsterinsights_sitenote_active":false,"_monsterinsights_sitenote_note":"","_monsterinsights_sitenote_category":0,"footnotes":""},"categories":[2,3],"tags":[200,806,3441,4507],"class_list":["post-36487","post","type-post","status-publish","format-standard","has-post-thumbnail","hentry","category-featured","category-societe","tag-abidjan","tag-bacongo","tag-cadre-de-vie","tag-feu-dartifice-du-31-decembre"],"_links":{"self":[{"href":"https:\/\/www.lintelligentdabidjan.info\/news\/wp-json\/wp\/v2\/posts\/36487","targetHints":{"allow":["GET"]}}],"collection":[{"href":"https:\/\/www.lintelligentdabidjan.info\/news\/wp-json\/wp\/v2\/posts"}],"about":[{"href":"https:\/\/www.lintelligentdabidjan.info\/news\/wp-json\/wp\/v2\/types\/post"}],"author":[{"embeddable":true,"href":"https:\/\/www.lintelligentdabidjan.info\/news\/wp-json\/wp\/v2\/users\/4"}],"replies":[{"embeddable":true,"href":"https:\/\/www.lintelligentdabidjan.info\/news\/wp-json\/wp\/v2\/comments?post=36487"}],"version-history":[{"count":3,"href":"https:\/\/www.lintelligentdabidjan.info\/news\/wp-json\/wp\/v2\/posts\/36487\/revisions"}],"predecessor-version":[{"id":36492,"href":"https:\/\/www.lintelligentdabidjan.info\/news\/wp-json\/wp\/v2\/posts\/36487\/revisions\/36492"}],"wp:featuredmedia":[{"embeddable":true,"href":"https:\/\/www.lintelligentdabidjan.info\/news\/wp-json\/wp\/v2\/media\/36489"}],"wp:attachment":[{"href":"https:\/\/www.lintelligentdabidjan.info\/news\/wp-json\/wp\/v2\/media?parent=36487"}],"wp:term":[{"taxonomy":"category","embeddable":true,"href":"https:\/\/www.lintelligentdabidjan.info\/news\/wp-json\/wp\/v2\/categories?post=36487"},{"taxonomy":"post_tag","embeddable":true,"href":"https:\/\/www.lintelligentdabidjan.info\/news\/wp-json\/wp\/v2\/tags?post=36487"}],"curies":[{"name":"wp","href":"https:\/\/api.w.org\/{rel}","templated":true}]}}