{"id":36510,"date":"2025-01-03T09:27:30","date_gmt":"2025-01-03T08:27:30","guid":{"rendered":"https:\/\/www.lintelligentdabidjan.info\/news\/?p=36510"},"modified":"2025-01-03T09:29:39","modified_gmt":"2025-01-03T08:29:39","slug":"cloture-de-la-session-budgetaire-adama-bictogo-le-budget-2025-prend-en-compte-lincidence-financiere-des-prochaines-elections-presidentielle-et-legislative","status":"publish","type":"post","link":"https:\/\/www.lintelligentdabidjan.info\/news\/cloture-de-la-session-budgetaire-adama-bictogo-le-budget-2025-prend-en-compte-lincidence-financiere-des-prochaines-elections-presidentielle-et-legislative\/","title":{"rendered":"Cl\u00f4ture de la session budg\u00e9taire \u2013 Adama Bictogo :  &#8220;Le budget 2025 prend en compte l&#8217;incidence financi\u00e8re des prochaines \u00e9lections pr\u00e9sidentielle et l\u00e9gislative&#8221;"},"content":{"rendered":"<p><em><strong>La deuxi\u00e8me session ordinaire de l&#8217;Assembl\u00e9e nationale, marqu\u00e9e par l&#8217;adoption du budget de l&#8217;\u00c9tat pour l&#8217;ann\u00e9e 2025, a pris fin le mardi 31 d\u00e9cembre 2024. Le pr\u00e9sident de l&#8217;Assembl\u00e9e nationale, Adama Bictogo, a indiqu\u00e9 que l&#8217;incidence financi\u00e8re des \u00e9lections pr\u00e9sidentielle et l\u00e9gislative a \u00e9t\u00e9 prise en compte dans ce budget de 15 339,2 milliards de FCFA.<\/strong><\/em><\/p>\n<p>Lors de la s\u00e9ance de cl\u00f4ture, Adama Bictogo a prononc\u00e9 un discours en pr\u00e9sence du Haut repr\u00e9sentant du Pr\u00e9sident de la R\u00e9publique, Gilbert Kon\u00e9 Kafana, des pr\u00e9sidents d&#8217;institutions et des membres du corps diplomatique. Il a dress\u00e9 le bilan de cette session essentiellement consacr\u00e9e \u00e0 l&#8217;examen du projet de loi de finances pour 2025.<\/p>\n<p>Le pr\u00e9sident de l&#8217;Assembl\u00e9e nationale a f\u00e9licit\u00e9 les d\u00e9put\u00e9s pour leur mobilisation et leur rigueur dans l&#8217;examen de chaque ligne budg\u00e9taire et de chaque d\u00e9pense publique. &#8220;Pour l\u2019ann\u00e9e 2025, le budget adopt\u00e9 s\u2019\u00e9quilibre en ressources et en charges \u00e0 hauteur de 15 339,2 milliards de FCFA, avec une pr\u00e9vision de croissance de 6,3 %, malgr\u00e9 les tensions g\u00e9opolitiques et le resserrement des conditions financi\u00e8res au niveau international.&#8221;<\/p>\n<p>Il a ajout\u00e9 : &#8220;Ce budget s\u2019inscrit dans le cadre de l\u2019ach\u00e8vement du Plan national de d\u00e9veloppement (PND) 2021-2025, qui vise notamment \u00e0 acc\u00e9l\u00e9rer la transformation structurelle de l\u2019\u00e9conomie, pr\u00e9server l\u2019environnement, d\u00e9velopper le secteur priv\u00e9, promouvoir l\u2019emploi, renforcer la gouvernance et moderniser l\u2019\u00c9tat. Il prend \u00e9galement en compte l\u2019incidence financi\u00e8re des prochaines \u00e9lections pr\u00e9sidentielle et l\u00e9gislative, ainsi que les moyens n\u00e9cessaires pour la mise en \u0153uvre d\u2019un dispositif de s\u00e9curit\u00e9 renforc\u00e9, garantissant des \u00e9lections dans des conditions de paix et de confiance.&#8221;<\/p>\n<p><strong>Adoption de cinq projets de loi<\/strong><\/p>\n<p>En dehors des textes budg\u00e9taires, comprenant le projet de loi de r\u00e8glement du budget 2023 et celui portant sur le budget de l&#8217;\u00c9tat pour l&#8217;ann\u00e9e 2025, cinq autres projets de loi ont \u00e9t\u00e9 adopt\u00e9s au cours de cette session ordinaire.<\/p>\n<p>La session a \u00e9galement \u00e9t\u00e9 marqu\u00e9e par l\u2019organisation de trois s\u00e9ances d\u2019information parlementaire qui ont port\u00e9 sur la r\u00e9vision de la liste \u00e9lectorale, la pr\u00e9sentation des rapports de la Cour des comptes et le rapport annuel 2023 du Conseil national des Droits de l\u2019Homme.<\/p>\n<p>Concernant la r\u00e9vision de la liste \u00e9lectorale, Adama Bictogo a d\u00e9clar\u00e9 : &#8220;Je note la bonne tenue de l\u2019op\u00e9ration de r\u00e9vision de la liste \u00e9lectorale en pr\u00e9lude \u00e0 ces importantes \u00e9ch\u00e9ances \u00e9lectorales, ainsi que l\u2019int\u00e9r\u00eat suscit\u00e9 aupr\u00e8s des populations ivoiriennes et des diff\u00e9rentes parties prenantes. Ces op\u00e9rations, qui se sont d\u00e9roul\u00e9es dans un esprit de paix, ont enregistr\u00e9 la participation de 1 461 081 personnes, dont 934 157 nouvelles inscriptions, selon les r\u00e9sultats de la Commission \u00e9lectorale ind\u00e9pendante (CEI).&#8221;<\/p>\n<p><strong>Appel au r\u00e8glement pacifique des diff\u00e9rends internationaux<\/strong><\/p>\n<p>Sur le plan international, le pr\u00e9sident de l&#8217;Assembl\u00e9e nationale a exhort\u00e9 \u00e0 un &#8220;r\u00e8glement pacifique des diff\u00e9rends&#8221;, rappelant que ces conflits continuent d\u2019avoir des impacts \u00e9conomiques, sociaux et politiques significatifs \u00e0 l\u2019\u00e9chelle mondiale, et particuli\u00e8rement en Afrique.<\/p>\n<p><strong>Olivier Dion<\/strong><\/p>\n","protected":false},"excerpt":{"rendered":"<p>La deuxi\u00e8me session ordinaire de l&#8217;Assembl\u00e9e nationale, marqu\u00e9e par l&#8217;adoption du budget de l&#8217;\u00c9tat pour l&#8217;ann\u00e9e 2025, a pris fin le mardi 31 d\u00e9cembre 2024. Le pr\u00e9sident de l&#8217;Assembl\u00e9e nationale, Adama Bictogo, a indiqu\u00e9 que l&#8217;incidence financi\u00e8re des \u00e9lections pr\u00e9sidentielle et l\u00e9gislative a \u00e9t\u00e9 prise en compte dans ce budget de 15 339,2 milliards de [&hellip;]<\/p>\n","protected":false},"author":4,"featured_media":36511,"comment_status":"closed","ping_status":"closed","sticky":false,"template":"","format":"standard","meta":{"_monsterinsights_skip_tracking":false,"_monsterinsights_sitenote_active":false,"_monsterinsights_sitenote_note":"","_monsterinsights_sitenote_category":0,"footnotes":""},"categories":[2,17,3],"tags":[323,4515,4514,4516,4517],"class_list":["post-36510","post","type-post","status-publish","format-standard","has-post-thumbnail","hentry","category-featured","category-politique","category-societe","tag-adama-bictogo","tag-budget-2025","tag-cloture-de-la-session-budgetaire","tag-elections-presidentielle","tag-legislative"],"_links":{"self":[{"href":"https:\/\/www.lintelligentdabidjan.info\/news\/wp-json\/wp\/v2\/posts\/36510","targetHints":{"allow":["GET"]}}],"collection":[{"href":"https:\/\/www.lintelligentdabidjan.info\/news\/wp-json\/wp\/v2\/posts"}],"about":[{"href":"https:\/\/www.lintelligentdabidjan.info\/news\/wp-json\/wp\/v2\/types\/post"}],"author":[{"embeddable":true,"href":"https:\/\/www.lintelligentdabidjan.info\/news\/wp-json\/wp\/v2\/users\/4"}],"replies":[{"embeddable":true,"href":"https:\/\/www.lintelligentdabidjan.info\/news\/wp-json\/wp\/v2\/comments?post=36510"}],"version-history":[{"count":1,"href":"https:\/\/www.lintelligentdabidjan.info\/news\/wp-json\/wp\/v2\/posts\/36510\/revisions"}],"predecessor-version":[{"id":36512,"href":"https:\/\/www.lintelligentdabidjan.info\/news\/wp-json\/wp\/v2\/posts\/36510\/revisions\/36512"}],"wp:featuredmedia":[{"embeddable":true,"href":"https:\/\/www.lintelligentdabidjan.info\/news\/wp-json\/wp\/v2\/media\/36511"}],"wp:attachment":[{"href":"https:\/\/www.lintelligentdabidjan.info\/news\/wp-json\/wp\/v2\/media?parent=36510"}],"wp:term":[{"taxonomy":"category","embeddable":true,"href":"https:\/\/www.lintelligentdabidjan.info\/news\/wp-json\/wp\/v2\/categories?post=36510"},{"taxonomy":"post_tag","embeddable":true,"href":"https:\/\/www.lintelligentdabidjan.info\/news\/wp-json\/wp\/v2\/tags?post=36510"}],"curies":[{"name":"wp","href":"https:\/\/api.w.org\/{rel}","templated":true}]}}