{"id":36515,"date":"2025-01-03T23:27:39","date_gmt":"2025-01-03T22:27:39","guid":{"rendered":"https:\/\/www.lintelligentdabidjan.info\/news\/?p=36515"},"modified":"2025-01-03T23:28:45","modified_gmt":"2025-01-03T22:28:45","slug":"crise-electrique-au-mali-quel-impact-sur-la-population","status":"publish","type":"post","link":"https:\/\/www.lintelligentdabidjan.info\/news\/crise-electrique-au-mali-quel-impact-sur-la-population\/","title":{"rendered":"Crise \u00e9lectrique au Mali : quel impact sur la population ?"},"content":{"rendered":"<p><em><strong>Actuellement, le Mali conna\u00eet une grave crise \u00e9nerg\u00e9tique qui affecte profond\u00e9ment ses habitants et entrave le d\u00e9veloppement \u00e9conomique du pays. Les interruptions fr\u00e9quentes de l&#8217;\u00e9lectricit\u00e9 et l&#8217;instabilit\u00e9 de l&#8217;approvisionnement en \u00e9nergie perturbent consid\u00e9rablement la vie des Maliens, accentuant ainsi la vuln\u00e9rabilit\u00e9 du pays face aux d\u00e9fis sociaux et \u00e9conomiques.<\/strong><\/em><\/p>\n<p><strong>Les causes de cette instabilit\u00e9<\/strong><\/p>\n<p>La crise \u00e9nerg\u00e9tique au Mali trouve ses racines dans plusieurs facteurs. Tout d&#8217;abord, il est \u00e0 noter que la production d&#8217;\u00e9lectricit\u00e9 demeure insuffisante pour r\u00e9pondre \u00e0 la demande en constante augmentation. Principalement fond\u00e9e sur l&#8217;hydro\u00e9lectricit\u00e9, la production d&#8217;\u00e9nergie dans le pays est  affect\u00e9e par des variations saisonni\u00e8res des niveaux d&#8217;eau dans les barrages et par des infrastructures vieillissantes, ce qui provoque des fluctuations dans la cr\u00e9ation \u00e9lectrique. Les centrales thermiques, qui compl\u00e8tent la production, ne sont pas toujours fonctionnelles \u00e0 pleine capacit\u00e9 en raison de la v\u00e9tust\u00e9 des \u00e9quipements et du manque de maintenance.<\/p>\n<p>Par la suite, il appara\u00eet que le r\u00e9seau de distribution est d\u00e9pass\u00e9 et mal entretenu, entra\u00eenant des pertes significatives d&#8217;\u00e9nergie et occasionnant des co\u00fbts tr\u00e8s \u00e9lev\u00e9s. Ces pannes fr\u00e9quentes, souvent longues et impr\u00e9visibles, exacerbent la population. L&#8217;insuffisance des investissements dans le secteur de l&#8217;\u00e9nergie, ainsi que des probl\u00e8mes de gestion et de gouvernance, compliquent encore plus cette situation.<\/p>\n<p><strong>L&#8217;impact sur la vie quotidienne de la population<\/strong><\/p>\n<p>Les coupures d&#8217;\u00e9lectricit\u00e9 affectent la vie quotidienne de millions de Maliens. Dans des villes telles que Bamako, des coupures d&#8217;\u00e9lectricit\u00e9 fr\u00e9quentes, pouvant durer plusieurs heures chaque jour, impactent les foyers, les commerces et les entreprises. Cela entra\u00eene des d\u00e9sagr\u00e9ments consid\u00e9rables, tels que des difficult\u00e9s \u00e0 conserver les aliments dans des r\u00e9frig\u00e9rateurs, des perturbations dans les \u00e9tudes des enfants, et des pertes de productivit\u00e9 dans de nombreux secteurs \u00e9conomiques, notamment l&#8217;artisanat, le commerce et les services.<br \/>\nLes entreprises de petite taille sont particuli\u00e8rement touch\u00e9es par cette crise. Le manque d\u2019\u00e9lectricit\u00e9 limite leur capacit\u00e9 \u00e0 fonctionner, ce qui entra\u00eene des pertes financi\u00e8res importantes. De plus, les prix des g\u00e9n\u00e9rateurs et du carburant n\u00e9cessaires pour faire face aux coupures d\u2019\u00e9lectricit\u00e9 rendent cette solution difficilement accessible pour beaucoup de Maliens.<\/p>\n<p><strong>Cons\u00e9quences sur l&#8217;\u00e9conomie et la croissance<\/strong><\/p>\n<p>L&#8217;impact \u00e9conomique de cette crise est d\u00e9vastateur pour un pays comme le Mali, dont l&#8217;\u00e9conomie est d\u00e9j\u00e0 fragile. L\u2019instabilit\u00e9 de l&#8217;approvisionnement \u00e9nerg\u00e9tique constitue un frein \u00e0 l&#8217;industrialisation, et r\u00e9duit la comp\u00e9titivit\u00e9 du pays sur la sc\u00e8ne internationale. Les secteurs strat\u00e9giques comme l\u2019agriculture, l\u2019industrie et les services souffrent d\u2019une faible productivit\u00e9, car l\u2019\u00e9nergie est une ressource essentielle pour leur d\u00e9veloppement.<br \/>\nLe secteur de l\u2019\u00e9ducation est \u00e9galement gravement touch\u00e9. De nombreuses \u00e9coles et universit\u00e9s ne disposent pas d&#8217;\u00e9lectricit\u00e9 en dehors des heures de lumi\u00e8re naturelle, limitant l\u2019acc\u00e8s \u00e0 l\u2019enseignement et aux outils technologiques. Dans certains cas, les examens et les \u00e9valuations sont retard\u00e9s en raison des coupures de courant.<\/p>\n<p><strong>Les solutions et les perspectives d&#8217;avenir<\/strong><\/p>\n<p>Face \u00e0 cette crise \u00e9nerg\u00e9tique, plusieurs initiatives ont \u00e9t\u00e9 propos\u00e9es pour am\u00e9liorer la situation. Le gouvernement malien, en partenariat avec des organismes internationaux, met en place des projets d\u2019\u00e9lectrification rurale et d\u2019extension du r\u00e9seau. L\u2019objectif est d\u2019am\u00e9liorer l&#8217;acc\u00e8s \u00e0 l&#8217;\u00e9lectricit\u00e9, en particulier dans les zones rurales, qui sont encore les plus touch\u00e9es par le manque d\u2019infrastructures \u00e9lectriques.<br \/>\nPar ailleurs, des investissements dans les \u00e9nergies renouvelables, telles que l\u2019\u00e9nergie solaire et l\u2019\u00e9nergie \u00e9olienne, sont en cours pour diversifier les sources de production d\u2019\u00e9lectricit\u00e9 et r\u00e9duire la d\u00e9pendance \u00e0 l\u2019hydro\u00e9lectricit\u00e9. Le solaire, en particulier, repr\u00e9sente une grande opportunit\u00e9 pour le pays, \u00e9tant donn\u00e9 son ensoleillement \u00e9lev\u00e9.<br \/>\nCependant, ces solutions n\u00e9cessitent des investissements lourds et un engagement politique fort. Une gestion plus rigoureuse du secteur \u00e9nerg\u00e9tique, une politique de maintenance pr\u00e9ventive des infrastructures et des efforts pour attirer des investissements priv\u00e9s sont \u00e9galement cruciaux pour r\u00e9soudre la crise sur le long terme.<br \/>\nLa crise \u00e9lectrique au Mali constitue un d\u00e9fi central qui influence tous les aspects de la vie des citoyens, touchant aussi bien les entreprises que le secteur de l\u2019\u00e9ducation. Si des solutions sont envisag\u00e9es, leur mise en \u0153uvre demeure complexe en raison des d\u00e9fis \u00e9conomiques, techniques et politiques. La mise en place d\u2019une gestion ad\u00e9quate et des investissements judicieux dans les infrastructures seront essentiels pour surmonter cette crise et encourager le d\u00e9veloppement socio-\u00e9conomique du pays.<\/p>\n<p><strong>Constantine<\/strong><\/p>\n","protected":false},"excerpt":{"rendered":"<p>Actuellement, le Mali conna\u00eet une grave crise \u00e9nerg\u00e9tique qui affecte profond\u00e9ment ses habitants et entrave le d\u00e9veloppement \u00e9conomique du pays. Les interruptions fr\u00e9quentes de l&#8217;\u00e9lectricit\u00e9 et l&#8217;instabilit\u00e9 de l&#8217;approvisionnement en \u00e9nergie perturbent consid\u00e9rablement la vie des Maliens, accentuant ainsi la vuln\u00e9rabilit\u00e9 du pays face aux d\u00e9fis sociaux et \u00e9conomiques. Les causes de cette instabilit\u00e9 La [&hellip;]<\/p>\n","protected":false},"author":4,"featured_media":36516,"comment_status":"closed","ping_status":"closed","sticky":false,"template":"","format":"standard","meta":{"footnotes":""},"categories":[2,17,3],"tags":[],"class_list":["post-36515","post","type-post","status-publish","format-standard","has-post-thumbnail","hentry","category-featured","category-politique","category-societe"],"_links":{"self":[{"href":"https:\/\/www.lintelligentdabidjan.info\/news\/wp-json\/wp\/v2\/posts\/36515","targetHints":{"allow":["GET"]}}],"collection":[{"href":"https:\/\/www.lintelligentdabidjan.info\/news\/wp-json\/wp\/v2\/posts"}],"about":[{"href":"https:\/\/www.lintelligentdabidjan.info\/news\/wp-json\/wp\/v2\/types\/post"}],"author":[{"embeddable":true,"href":"https:\/\/www.lintelligentdabidjan.info\/news\/wp-json\/wp\/v2\/users\/4"}],"replies":[{"embeddable":true,"href":"https:\/\/www.lintelligentdabidjan.info\/news\/wp-json\/wp\/v2\/comments?post=36515"}],"version-history":[{"count":1,"href":"https:\/\/www.lintelligentdabidjan.info\/news\/wp-json\/wp\/v2\/posts\/36515\/revisions"}],"predecessor-version":[{"id":36517,"href":"https:\/\/www.lintelligentdabidjan.info\/news\/wp-json\/wp\/v2\/posts\/36515\/revisions\/36517"}],"wp:featuredmedia":[{"embeddable":true,"href":"https:\/\/www.lintelligentdabidjan.info\/news\/wp-json\/wp\/v2\/media\/36516"}],"wp:attachment":[{"href":"https:\/\/www.lintelligentdabidjan.info\/news\/wp-json\/wp\/v2\/media?parent=36515"}],"wp:term":[{"taxonomy":"category","embeddable":true,"href":"https:\/\/www.lintelligentdabidjan.info\/news\/wp-json\/wp\/v2\/categories?post=36515"},{"taxonomy":"post_tag","embeddable":true,"href":"https:\/\/www.lintelligentdabidjan.info\/news\/wp-json\/wp\/v2\/tags?post=36515"}],"curies":[{"name":"wp","href":"https:\/\/api.w.org\/{rel}","templated":true}]}}