{"id":36518,"date":"2025-01-03T23:30:58","date_gmt":"2025-01-03T22:30:58","guid":{"rendered":"https:\/\/www.lintelligentdabidjan.info\/news\/?p=36518"},"modified":"2025-01-03T23:31:21","modified_gmt":"2025-01-03T22:31:21","slug":"presidentielle-2025-amadou-kone-remporter-avec-une-telle-marge-que-lopposition-en-sera-reduite-au-silence-pour-les-20-prochaines-annees","status":"publish","type":"post","link":"https:\/\/www.lintelligentdabidjan.info\/news\/presidentielle-2025-amadou-kone-remporter-avec-une-telle-marge-que-lopposition-en-sera-reduite-au-silence-pour-les-20-prochaines-annees\/","title":{"rendered":"Pr\u00e9sidentielle 2025- Amadou Kon\u00e9 : &#8220;Remporter  (&#8230;) avec une telle marge que l\u2019opposition en sera r\u00e9duite au silence pour les 20 prochaines ann\u00e9es&#8221;"},"content":{"rendered":"<p><em><strong>Amadou Kon\u00e9 a appel\u00e9 les membres du COMADE \u00e0 se mobiliser pour remporter l&#8217;\u00e9lection pr\u00e9sidentielle 2025 avec une telle marge que l\u2019opposition en sera r\u00e9duite au silence pour les 20 prochaines ann\u00e9es.<\/strong><\/em><\/p>\n<p>Le Collectif des Mouvements et Associations pour le D\u00e9veloppement et l&#8217;\u00c9mergence (COMADE) a organis\u00e9, jeudi 2 janvier 2025, une c\u00e9r\u00e9monie d\u2019hommage en l\u2019honneur du pr\u00e9sident de la R\u00e9publique, Alassane Ouattara. Plus de 800 personnes, repr\u00e9sentant 80 associations f\u00e9minines de Bouak\u00e9, ont pris part \u00e0 cet \u00e9v\u00e9nement plac\u00e9 sous le th\u00e8me : \u00ab Pourquoi la candidature de Son Excellence Monsieur Alassane Ouattara est-elle essentielle pour l\u2019avenir du pays ? \u00bb<br \/>\nLa c\u00e9r\u00e9monie a enregistr\u00e9 la participation de plusieurs personnalit\u00e9s de premier plan, notamment le ministre des Transports et maire de Bouak\u00e9, Amadou Kon\u00e9, ainsi que Souleymane Tour\u00e9, directeur g\u00e9n\u00e9ral du Guichet unique de l\u2019automobile et secr\u00e9taire d\u00e9partemental du RHDP \u00e0 Bouak\u00e9.<\/p>\n<p>Lors de son allocution, le pr\u00e9sident national du COMADE, Traor\u00e9 Fama, a soulign\u00e9 les accomplissements majeurs d\u2019Alassane Ouattara au cours de ses 15 ann\u00e9es \u00e0 la t\u00eate de l\u2019\u00c9tat. Il a mis en avant les avanc\u00e9es significatives en mati\u00e8re de paix, de coh\u00e9sion nationale, d\u2019infrastructures, d\u2019\u00e9ducation, de sant\u00e9 et de d\u00e9veloppement \u00e9conomique.<br \/>\n\u00ab Ces r\u00e9alisations sont les t\u00e9moins vivants d\u2019une vision claire et ambitieuse pour la C\u00f4te d\u2019Ivoire. Depuis son accession au pouvoir, Son Excellence Alassane Ouattara a effectu\u00e9 un travail remarquable, digne d\u2019un b\u00e2tisseur infatigable \u00bb, a d\u00e9clar\u00e9 Traor\u00e9 Fama.<\/p>\n<p>Le COMADE, \u00e0 travers la voix de son pr\u00e9sident, a exprim\u00e9 sa gratitude au chef de l\u2019\u00c9tat tout en r\u00e9clamant officiellement sa candidature pour l\u2019\u00e9lection pr\u00e9sidentielle d\u2019octobre 2025. Il a plaid\u00e9 pour une mobilisation unanime en faveur du pr\u00e9sident sortant :<br \/>\n\u00ab Merci pour tout ce qu\u2019il a fait pour la jeunesse, pour nos mamans et pour nos papas. Merci pour tout ce qu\u2019il fait pour la C\u00f4te d\u2019Ivoire. Nous disons au pr\u00e9sident qu\u2019il doit \u00eatre candidat. Ce n\u2019est pas une demande, c\u2019est une exigence. Les opposants devraient eux aussi se rassembler pour soutenir une candidature unique : celle d\u2019Alassane Ouattara. \u00bb<\/p>\n<p>Il a \u00e9galement assur\u00e9 que Bouak\u00e9, fid\u00e8le \u00e0 sa tradition de soutien, continuerait de jouer un r\u00f4le d\u00e9terminant dans le processus \u00e9lectoral.<br \/>\n\u00ab Le pr\u00e9sident peut compter sur nous, sur le COMADE et sur toute la population de Bouak\u00e9. Lors de chaque \u00e9lection, notre ville a toujours \u00e9t\u00e9 en t\u00eate en mati\u00e8re de mobilisation \u00bb, a-t-il affirm\u00e9.<\/p>\n<p>Le ministre des Transports, Amadou Kon\u00e9, parrain de l\u2019\u00e9v\u00e9nement, a apport\u00e9 une confirmation solennelle :<br \/>\n\u00ab Je vous l\u2019annonce officiellement : en octobre 2025, Alassane Ouattara sera le candidat du RHDP. Nous devons travailler chaque jour avec lui pour assurer une victoire \u00e9clatante. \u00bb<\/p>\n<p>Il a \u00e9galement appel\u00e9 \u00e0 une mobilisation sans pr\u00e9c\u00e9dent pour garantir un triomphe incontestable :<br \/>\n\u00ab Notre objectif est simple : <\/p>\n<p>remporter ces \u00e9lections avec une telle marge que l\u2019opposition en sera r\u00e9duite au silence pour les 20 prochaines ann\u00e9es. \u00c0 partir d\u2019aujourd\u2019hui, pr\u00e9parez-vous \u00e0 taper fort lors des \u00e9lections. \u00bb<\/p>\n<p>Cette c\u00e9r\u00e9monie a \u00e9t\u00e9 l\u2019occasion de r\u00e9affirmer l\u2019attachement de Bouak\u00e9 et du COMADE aux id\u00e9aux du pr\u00e9sident Alassane Ouattara et de lancer un appel vibrant \u00e0 son engagement pour un nouveau mandat \u00e0 la t\u00eate du pays.<\/p>\n<p><strong>Nambac\u00e9r\u00e9 Jo\u00ebl <\/strong><\/p>\n","protected":false},"excerpt":{"rendered":"<p>Amadou Kon\u00e9 a appel\u00e9 les membres du COMADE \u00e0 se mobiliser pour remporter l&#8217;\u00e9lection pr\u00e9sidentielle 2025 avec une telle marge que l\u2019opposition en sera r\u00e9duite au silence pour les 20 prochaines ann\u00e9es. Le Collectif des Mouvements et Associations pour le D\u00e9veloppement et l&#8217;\u00c9mergence (COMADE) a organis\u00e9, jeudi 2 janvier 2025, une c\u00e9r\u00e9monie d\u2019hommage en l\u2019honneur [&hellip;]<\/p>\n","protected":false},"author":4,"featured_media":36519,"comment_status":"closed","ping_status":"closed","sticky":false,"template":"","format":"standard","meta":{"footnotes":""},"categories":[2,17],"tags":[],"class_list":["post-36518","post","type-post","status-publish","format-standard","has-post-thumbnail","hentry","category-featured","category-politique"],"_links":{"self":[{"href":"https:\/\/www.lintelligentdabidjan.info\/news\/wp-json\/wp\/v2\/posts\/36518","targetHints":{"allow":["GET"]}}],"collection":[{"href":"https:\/\/www.lintelligentdabidjan.info\/news\/wp-json\/wp\/v2\/posts"}],"about":[{"href":"https:\/\/www.lintelligentdabidjan.info\/news\/wp-json\/wp\/v2\/types\/post"}],"author":[{"embeddable":true,"href":"https:\/\/www.lintelligentdabidjan.info\/news\/wp-json\/wp\/v2\/users\/4"}],"replies":[{"embeddable":true,"href":"https:\/\/www.lintelligentdabidjan.info\/news\/wp-json\/wp\/v2\/comments?post=36518"}],"version-history":[{"count":1,"href":"https:\/\/www.lintelligentdabidjan.info\/news\/wp-json\/wp\/v2\/posts\/36518\/revisions"}],"predecessor-version":[{"id":36520,"href":"https:\/\/www.lintelligentdabidjan.info\/news\/wp-json\/wp\/v2\/posts\/36518\/revisions\/36520"}],"wp:featuredmedia":[{"embeddable":true,"href":"https:\/\/www.lintelligentdabidjan.info\/news\/wp-json\/wp\/v2\/media\/36519"}],"wp:attachment":[{"href":"https:\/\/www.lintelligentdabidjan.info\/news\/wp-json\/wp\/v2\/media?parent=36518"}],"wp:term":[{"taxonomy":"category","embeddable":true,"href":"https:\/\/www.lintelligentdabidjan.info\/news\/wp-json\/wp\/v2\/categories?post=36518"},{"taxonomy":"post_tag","embeddable":true,"href":"https:\/\/www.lintelligentdabidjan.info\/news\/wp-json\/wp\/v2\/tags?post=36518"}],"curies":[{"name":"wp","href":"https:\/\/api.w.org\/{rel}","templated":true}]}}