{"id":36522,"date":"2025-01-04T23:59:39","date_gmt":"2025-01-04T22:59:39","guid":{"rendered":"https:\/\/www.lintelligentdabidjan.info\/news\/?p=36522"},"modified":"2025-01-05T00:02:57","modified_gmt":"2025-01-04T23:02:57","slug":"presidence-de-lorganisation-interprofessionnelle-du-cafe-cacao-la-cesaci-dement-tout-soutien-a-siaka-diakite-et-appelle-a-une-reunion-durgence","status":"publish","type":"post","link":"https:\/\/www.lintelligentdabidjan.info\/news\/presidence-de-lorganisation-interprofessionnelle-du-cafe-cacao-la-cesaci-dement-tout-soutien-a-siaka-diakite-et-appelle-a-une-reunion-durgence\/","title":{"rendered":"Pr\u00e9sidence de l&#8217;Organisation Interprofessionnelle du Caf\u00e9-Cacao-  La Cesaci d\u00e9ment tout soutien \u00e0 Siaka Diakit\u00e9 et appelle \u00e0 une r\u00e9union d&#8217;urgence"},"content":{"rendered":"<p><em><strong>La Centrale Syndicale Agricole de C\u00f4te d&#8217;Ivoire (Cesaci) a tenu un point de presse le samedi 4 janvier 2025, \u00e0 Abidjan, dans un h\u00f4tel de la place. L&#8217;objectif de cette rencontre \u00e9tait d&#8217;apporter un d\u00e9menti cat\u00e9gorique suite \u00e0 la d\u00e9claration de soutien de la Cesaci \u00e0 Siaka Diakit\u00e9 pour le poste de pr\u00e9sident de l&#8217;Organisation Interprofessionnelle du Caf\u00e9-Cacao (Oia), faite par son pr\u00e9sident Seydou Kiebre et certains membres du bureau le jeudi 2 janvier 2025.<\/strong><\/em><\/p>\n<p>\u00c0 cet effet, Alokoua Roland Verdier, vice-pr\u00e9sident de la zone centre, a pr\u00e9sent\u00e9 ses meilleurs v\u0153ux aux producteurs agricoles de C\u00f4te d&#8217;Ivoire, au Chef de l&#8217;\u00c9tat Alassane Ouattara, ainsi qu&#8217;au ministre de tutelle, Kobenan Kouassi Adjoumani. Il a ensuite soulign\u00e9 que toute d\u00e9cision prise par certains membres devrait \u00eatre discut\u00e9e au pr\u00e9alable au sein du Bureau Ex\u00e9cutif National (Ben) avant d&#8217;\u00eatre communiqu\u00e9e \u00e0 l&#8217;ensemble des producteurs.<\/p>\n<p>Pour lui, certains de leurs camarades se sont rendus coupables de violations des textes en vigueur. \u00ab Les syndicats ne font pas partie des organisations sollicit\u00e9es pour la mise en place de l&#8217;Oia. Donc, la Cesaci, dans son expression actuelle, est ferm\u00e9e. Comment peut-on parler de soutien \u00e0 une candidature ? Le comit\u00e9 d&#8217;organisation de l&#8217;Oia n&#8217;a jusqu&#8217;\u00e0 ce jour d\u00e9clar\u00e9 aucune candidature officielle, bien qu&#8217;il y ait des vell\u00e9it\u00e9s de candidature qui circulent. De plus, Siaka Diakit\u00e9 n&#8217;a pas encore annonc\u00e9 sa candidature, et aucun coll\u00e8ge des producteurs n&#8217;est encore mis en place. Nous comprenons difficilement cette pr\u00e9cipitation de nos camarades \u00bb, a-t-il d\u00e9clar\u00e9.<\/p>\n<p>Il a ajout\u00e9 que la d\u00e9claration du pr\u00e9sident et de son entourage n&#8217;engage que leurs auteurs et non l&#8217;ensemble des producteurs de C\u00f4te d&#8217;Ivoire. Mieux encore, apr\u00e8s leur interpellation, le pr\u00e9sident s&#8217;est excus\u00e9 aupr\u00e8s des autres membres du Ben pour cette d\u00e9marche cavali\u00e8re et solitaire.<\/p>\n<p>En revanche, la Cesaci a f\u00e9licit\u00e9 ses camarades pour leur volont\u00e9 de solliciter une audience aupr\u00e8s du Chef de l&#8217;\u00c9tat afin de dynamiser la mise en place de l&#8217;Oia, qui reste \u00e0 ce jour dans un statu quo total. Cette d\u00e9marche est consid\u00e9r\u00e9e comme la marque des vrais syndicalistes. C&#8217;est pourquoi la Cesaci invite le pr\u00e9sident \u00e0 convoquer une r\u00e9union d&#8217;urgence du Ben pour travailler sur des points essentiels \u00e0 leur survie, car ils estiment avoir longtemps mis de c\u00f4t\u00e9 leur r\u00f4le de syndicalistes.<\/p>\n<p><strong>Mamadou Ouattara avec C\u00e9cile Mobio<\/strong><\/p>\n","protected":false},"excerpt":{"rendered":"<p>La Centrale Syndicale Agricole de C\u00f4te d&#8217;Ivoire (Cesaci) a tenu un point de presse le samedi 4 janvier 2025, \u00e0 Abidjan, dans un h\u00f4tel de la place. L&#8217;objectif de cette rencontre \u00e9tait d&#8217;apporter un d\u00e9menti cat\u00e9gorique suite \u00e0 la d\u00e9claration de soutien de la Cesaci \u00e0 Siaka Diakit\u00e9 pour le poste de pr\u00e9sident de l&#8217;Organisation [&hellip;]<\/p>\n","protected":false},"author":4,"featured_media":36523,"comment_status":"closed","ping_status":"closed","sticky":false,"template":"","format":"standard","meta":{"_monsterinsights_skip_tracking":false,"_monsterinsights_sitenote_active":false,"_monsterinsights_sitenote_note":"","_monsterinsights_sitenote_category":0,"footnotes":""},"categories":[2,3],"tags":[1477,4521,4520,4522],"class_list":["post-36522","post","type-post","status-publish","format-standard","has-post-thumbnail","hentry","category-featured","category-societe","tag-cafe-cacao","tag-cesaci","tag-presidence-de-lorganisation-interprofessionnelle","tag-siaka-diakite"],"_links":{"self":[{"href":"https:\/\/www.lintelligentdabidjan.info\/news\/wp-json\/wp\/v2\/posts\/36522","targetHints":{"allow":["GET"]}}],"collection":[{"href":"https:\/\/www.lintelligentdabidjan.info\/news\/wp-json\/wp\/v2\/posts"}],"about":[{"href":"https:\/\/www.lintelligentdabidjan.info\/news\/wp-json\/wp\/v2\/types\/post"}],"author":[{"embeddable":true,"href":"https:\/\/www.lintelligentdabidjan.info\/news\/wp-json\/wp\/v2\/users\/4"}],"replies":[{"embeddable":true,"href":"https:\/\/www.lintelligentdabidjan.info\/news\/wp-json\/wp\/v2\/comments?post=36522"}],"version-history":[{"count":1,"href":"https:\/\/www.lintelligentdabidjan.info\/news\/wp-json\/wp\/v2\/posts\/36522\/revisions"}],"predecessor-version":[{"id":36524,"href":"https:\/\/www.lintelligentdabidjan.info\/news\/wp-json\/wp\/v2\/posts\/36522\/revisions\/36524"}],"wp:featuredmedia":[{"embeddable":true,"href":"https:\/\/www.lintelligentdabidjan.info\/news\/wp-json\/wp\/v2\/media\/36523"}],"wp:attachment":[{"href":"https:\/\/www.lintelligentdabidjan.info\/news\/wp-json\/wp\/v2\/media?parent=36522"}],"wp:term":[{"taxonomy":"category","embeddable":true,"href":"https:\/\/www.lintelligentdabidjan.info\/news\/wp-json\/wp\/v2\/categories?post=36522"},{"taxonomy":"post_tag","embeddable":true,"href":"https:\/\/www.lintelligentdabidjan.info\/news\/wp-json\/wp\/v2\/tags?post=36522"}],"curies":[{"name":"wp","href":"https:\/\/api.w.org\/{rel}","templated":true}]}}