{"id":36531,"date":"2025-01-08T02:07:20","date_gmt":"2025-01-08T01:07:20","guid":{"rendered":"https:\/\/www.lintelligentdabidjan.info\/news\/?p=36531"},"modified":"2025-01-08T02:07:24","modified_gmt":"2025-01-08T01:07:24","slug":"chronique-plaidoyer-pour-la-prise-dune-loi-damnistie-generale-pour-une-election-inclusive-et-apaisee-en-2025","status":"publish","type":"post","link":"https:\/\/www.lintelligentdabidjan.info\/news\/chronique-plaidoyer-pour-la-prise-dune-loi-damnistie-generale-pour-une-election-inclusive-et-apaisee-en-2025\/","title":{"rendered":"CHRONIQUE &#8211; PLAIDOYER POUR LA PRISE D\u2019UNE LOI D\u2019AMNISTIE G\u00c9N\u00c9RALE POUR UNE \u00c9LECTION INCLUSIVE ET APAIS\u00c9E EN 2025"},"content":{"rendered":"<p><em><strong>Depuis 1995, les \u00e9lections g\u00e9n\u00e9rales dans notre pays sont sources d\u2019inqui\u00e9tude au sein des populations car chaque \u00e9lection pr\u00e9sidentielle dans notre pays, enregistre des d\u00e9c\u00e8s et des d\u00e9g\u00e2ts mat\u00e9riels, suscitant la hantise aupr\u00e8s des populations \u00e0 son approche.<\/strong><\/em><\/p>\n<p>Les pr\u00e9sidentielles respectives de 2000, 2010 et 2020 ont enregistr\u00e9  de nombreuses pertes en vies humaines et des d\u00e9g\u00e2ts mat\u00e9riels.<\/p>\n<p>Au moment o\u00f9 notre pays s\u2019appr\u00eate \u00e0 organiser la prochaine \u00e9lection pr\u00e9sidentielle, nous plaidons aupr\u00e8s du Pr\u00e9sident de la R\u00e9publique, garant de l\u2019unit\u00e9 nationale, de prendre toutes les dispositions n\u00e9cessaires pour l\u2019organisation d\u2019un scrutin \u00e9quitable, inclusif et apais\u00e9.<\/p>\n<p>Afin de rassurer les partenaires et surtout la population, un certain nombre d\u2019actions concr\u00e8tes s\u2019imposent au Pr\u00e9sident de la R\u00e9publique \u00e0 savoir une loi g\u00e9n\u00e9rale d\u2019amnistie pour permettre aux acteurs politiques de premier plan, de recouvrir leurs droits civiques et politiques en figurant sur le listing \u00e9lectoral , en se portant candidat. La pr\u00e9sidentielle de 2025 doit \u00eatre ouverte,  inclusive et transparente afin de permettre aux \u00e9lecteurs de porter  leur choix sur la personnalit\u00e9 qu\u2019ils souhaitent voir pour  les 5 prochaines ann\u00e9es gouverner la C\u00f4te d&#8217;Ivoire.<\/p>\n<p>La stabilit\u00e9 politique de notre pays en d\u00e9pend et nos populations aspirent \u00e0 une alternance d\u00e9mocratique dans la qui\u00e9tude.<\/p>\n<p> Au regard du bilan \u00e9logieux de l\u2019actuel locataire du palais pr\u00e9sidentiel du Plateau, il gagnerait \u00e0 entrer dans l\u2019histoire par la grande porte en calquant sur le S\u00e9n\u00e9gal pour qui l\u2019alternance d\u00e9mocratique est devenue une Institution, rassurant ainsi les partenaires, la population et la sous-r\u00e9gion en proie \u00e0 des changements anti-constitutionnels trop fr\u00e9quents.<\/p>\n<p>Notre pays devrait pour la pr\u00e9sidentielle du 25 octobre 2025, donner une nouvelle image \u00e0 la Communaut\u00e9 Internationale diff\u00e9rente de celle \u00e0 laquelle nous sommes familiers depuis 1995.<\/p>\n<p> Les acteurs politiques doivent pacifier l\u2019environnement politique par des actions concr\u00e8tes et urgentes qui pourraient garantir ainsi un nouveau cycle \u00e9lectoral et politique \u00e0 l\u2019instar des pays d\u00e9mocratiques dont l\u2019\u00e9lection est consid\u00e9r\u00e9e comme la f\u00eate de la d\u00e9mocratie.<\/p>\n<p>Peu importe le Pr\u00e9sident \u00e9lu, la vie ne doit pas s\u2019arr\u00eater tous les 5 ans pour une question d\u2019\u00e9lection.<\/p>\n<p>Nos a\u00een\u00e9s devront pour 2025, mettre tout en \u0153uvre pour nous servir une \u00e9lection sans heurt o\u00f9 le vaincu appelle  le vainqueur pour le f\u00e9liciter pour sa victoire.<\/p>\n<p>Notre population \u00e9lectorale est majoritairement jeune avec 70% d\u2019\u00e9lecteurs de cette tranche.<\/p>\n<p> C\u2019est pour \u00e9viter encore les plus de 3000 morts que nous avons enregistr\u00e9s lors de la pr\u00e9sidentielle de 2010.<\/p>\n<p>La contribution de la CEI, souvent consid\u00e9r\u00e9e  comme trop proche du pouvoir en place, doit \u00eatre de garantir le respect du vote des \u00e9lecteurs afin que notre pays soit \u00e9pargn\u00e9 des d\u00e9g\u00e2ts humains et mat\u00e9riels inutiles.<\/p>\n<p>\u00c0 ses actions de pacification des \u00e9lections, il faut que le M\u00e9diateur de la R\u00e9publique, garant de la coh\u00e9sion sociale, et la Chambre des rois et des chefs traditionnels jouent pleinement chacun leur  r\u00f4le.<\/p>\n<p> La cr\u00e9dibilit\u00e9 et la p\u00e9rennit\u00e9 de leurs Institutions en d\u00e9pendent, les populations les accusent trop souvent d\u2019\u00eatre des Institutions budg\u00e9tivores et ne servant \u00e0 rien.<\/p>\n<p>Ses Institutions doivent montrer \u00e0 travers des actions concr\u00e8tes et visibles, qu\u2019elles existent et m\u00e9ritent qu\u2019on leur fasse confiance.<\/p>\n<p>\u00c0 ceux-l\u00e0, il faut aussi ajouter les acteurs de la soci\u00e9t\u00e9 civile dont la contribution est indispensable et n\u00e9cessaire \u00e0 la formation de nos populations, \u00e0 la culture politique et d\u00e9mocratique \u00e0 travers la formation sur l\u2019ensemble du processus \u00e9lectoral pour une implication citoyenne d\u00e9bouchant sur un scrutin pr\u00e9sidentiel sans heurts.<br \/>\n<strong><br \/>\nAnalyste Politique<br \/>\nADOU EVARISTE<\/strong><\/p>\n","protected":false},"excerpt":{"rendered":"<p>Depuis 1995, les \u00e9lections g\u00e9n\u00e9rales dans notre pays sont sources d\u2019inqui\u00e9tude au sein des populations car chaque \u00e9lection pr\u00e9sidentielle dans notre pays, enregistre des d\u00e9c\u00e8s et des d\u00e9g\u00e2ts mat\u00e9riels, suscitant la hantise aupr\u00e8s des populations \u00e0 son approche. Les pr\u00e9sidentielles respectives de 2000, 2010 et 2020 ont enregistr\u00e9 de nombreuses pertes en vies humaines et [&hellip;]<\/p>\n","protected":false},"author":4,"featured_media":36532,"comment_status":"closed","ping_status":"closed","sticky":false,"template":"","format":"standard","meta":{"_monsterinsights_skip_tracking":false,"_monsterinsights_sitenote_active":false,"_monsterinsights_sitenote_note":"","_monsterinsights_sitenote_category":0,"footnotes":""},"categories":[2,17],"tags":[],"class_list":["post-36531","post","type-post","status-publish","format-standard","has-post-thumbnail","hentry","category-featured","category-politique"],"_links":{"self":[{"href":"https:\/\/www.lintelligentdabidjan.info\/news\/wp-json\/wp\/v2\/posts\/36531","targetHints":{"allow":["GET"]}}],"collection":[{"href":"https:\/\/www.lintelligentdabidjan.info\/news\/wp-json\/wp\/v2\/posts"}],"about":[{"href":"https:\/\/www.lintelligentdabidjan.info\/news\/wp-json\/wp\/v2\/types\/post"}],"author":[{"embeddable":true,"href":"https:\/\/www.lintelligentdabidjan.info\/news\/wp-json\/wp\/v2\/users\/4"}],"replies":[{"embeddable":true,"href":"https:\/\/www.lintelligentdabidjan.info\/news\/wp-json\/wp\/v2\/comments?post=36531"}],"version-history":[{"count":1,"href":"https:\/\/www.lintelligentdabidjan.info\/news\/wp-json\/wp\/v2\/posts\/36531\/revisions"}],"predecessor-version":[{"id":36533,"href":"https:\/\/www.lintelligentdabidjan.info\/news\/wp-json\/wp\/v2\/posts\/36531\/revisions\/36533"}],"wp:featuredmedia":[{"embeddable":true,"href":"https:\/\/www.lintelligentdabidjan.info\/news\/wp-json\/wp\/v2\/media\/36532"}],"wp:attachment":[{"href":"https:\/\/www.lintelligentdabidjan.info\/news\/wp-json\/wp\/v2\/media?parent=36531"}],"wp:term":[{"taxonomy":"category","embeddable":true,"href":"https:\/\/www.lintelligentdabidjan.info\/news\/wp-json\/wp\/v2\/categories?post=36531"},{"taxonomy":"post_tag","embeddable":true,"href":"https:\/\/www.lintelligentdabidjan.info\/news\/wp-json\/wp\/v2\/tags?post=36531"}],"curies":[{"name":"wp","href":"https:\/\/api.w.org\/{rel}","templated":true}]}}