{"id":36540,"date":"2025-01-10T03:17:08","date_gmt":"2025-01-10T02:17:08","guid":{"rendered":"https:\/\/www.lintelligentdabidjan.info\/news\/?p=36540"},"modified":"2025-01-10T03:17:23","modified_gmt":"2025-01-10T02:17:23","slug":"sara-2025-pourquoi-la-date-a-ete-avancee","status":"publish","type":"post","link":"https:\/\/www.lintelligentdabidjan.info\/news\/sara-2025-pourquoi-la-date-a-ete-avancee\/","title":{"rendered":"Sara 2025-  Pourquoi la date a \u00e9t\u00e9 avanc\u00e9e"},"content":{"rendered":"<p><em><strong>Le Directeur de cabinet du ministre d&#8217;\u00c9tat, ministre de l&#8217;Agriculture, du D\u00e9veloppement rural et des Productions vivri\u00e8res, Nouhoun Coulibaly, a annonc\u00e9 lors d&#8217;une conf\u00e9rence de presse, au Sofitel H\u00f4tel Ivoire, le jeudi 9 janvier, que la 7e \u00e9dition du Salon international de l&#8217;agriculture et des ressources animales d&#8217;Abidjan (Sara 2025) se tiendra du 23 mai au 1er juin 2025 au parc des expositions d&#8217;Abidjan.<\/strong><\/em><\/p>\n<p>\u00c0 cette occasion , Nouhoun Coulibaly a soulign\u00e9 que le Sara, qui se tient tous les deux ans, a \u00e9t\u00e9 exceptionnellement avanc\u00e9 en raison des \u00e9lections pr\u00e9sidentielles pr\u00e9vues pour la fin de l&#8217;ann\u00e9e 2025. Apr\u00e8s l&#8217;\u00e9dition de 2023, qui avait mis \u00e0 l&#8217;honneur le Royaume des Pays-Bas, la Chine a \u00e9t\u00e9 choisie comme pays invit\u00e9 d&#8217;honneur pour cette nouvelle \u00e9dition. Cette d\u00e9cision refl\u00e8te l\u2019excellence des relations de coop\u00e9ration entre la C\u00f4te d&#8217;Ivoire et la R\u00e9publique populaire de Chine, notamment dans le domaine agricole. Le th\u00e8me de cette septi\u00e8me \u00e9dition est intitul\u00e9 : \u00ab Quel syst\u00e8me de transformation agroalimentaire pour la souverainet\u00e9 alimentaire en Afrique ? \u00bb. Selon Nouhoun Coulibaly, cette initiative s&#8217;inscrit parfaitement dans la vision du pr\u00e9sident ivoirien, Alassane Ouattara, qui \u0153uvre pour la souverainet\u00e9 alimentaire du pays dans les ann\u00e9es \u00e0 venir. Il a indiqu\u00e9 que  le Salon 2025 sera un v\u00e9ritable point de rencontre et de partage pour les acteurs du secteur agricole, avec pour objectif de promouvoir les activit\u00e9s professionnelles dans les domaines de la production v\u00e9g\u00e9tale, de l\u2019\u00e9levage, de la p\u00eache, de l\u2019agroalimentaire, de la finance agricole et de la m\u00e9canisation. Le Sara 2025 se veut ,  a-t-il laiss\u00e9 entendre , une plateforme de renforcement des partenariats sous-r\u00e9gionaux et internationaux pour un syst\u00e8me de transformation agroalimentaire mieux adapt\u00e9 aux besoins des agricultures africaines. Il a \u00e9galement fait savoir que le Sara sera aussi, l\u2019occasion de mettre en lumi\u00e8re les nouvelles opportunit\u00e9s offertes par le Plan National d\u2019Investissement Agricole (PNIA 2), de valoriser les technologies innovantes et d\u2019apprendre des pays leaders dans le domaine agricole. En parall\u00e8le, le Salon 2025 introduira une nouveaut\u00e9 : un concours des r\u00e9gions ivoiriennes.<\/p>\n<p>Nouhoun Coulibaly a soulign\u00e9  que l\u2019objectif est de r\u00e9compenser la r\u00e9gion la plus dynamique et innovante en termes de pr\u00e9sentation de son potentiel agricole et culturel. &#8220;Cette initiative vise \u00e0 promouvoir les terroirs et \u00e0 attirer l&#8217;attention sur les richesses locales de l&#8217;agriculture ivoirienne. Comme pour les \u00e9ditions pr\u00e9c\u00e9dentes, le salon sera ouvert aux professionnels du secteur agricole, des ressources animales et halieutiques, de l\u2019agro-industrie, de l\u2019\u00e9cotourisme et de l\u2019environnement.&#8221; a-t-il d\u00e9clar\u00e9. Il faut rappeler que les d\u00e9l\u00e9gations officielles et les exposants venus d\u2019Afrique, d\u2019Europe, d\u2019Asie et d\u2019Am\u00e9rique sont \u00e9galement attendus pour participer \u00e0 cet \u00e9v\u00e9nement d&#8217;envergure internationale. La pr\u00e9c\u00e9dente \u00e9dition du SARA, organis\u00e9e du 29 septembre au 8 octobre 2023, a \u00e9t\u00e9 un v\u00e9ritable succ\u00e8s, avec 862 entreprises et organisations exposantes, plus de 400 000 visites et des investissements atteignant 403 milliards de francs CFA. Cet engouement t\u00e9moigne de l\u2019importance croissante du salon, non seulement pour la C\u00f4te d\u2019Ivoire, mais aussi pour l\u2019ensemble du continent africain, dans la qu\u00eate de solutions pour la souverainet\u00e9 alimentaire. Rappelons que le SARA est conjointement organis\u00e9 par les minist\u00e8res de l\u2019Agriculture, des Ressources Animales, des Eaux et For\u00eats et celui l\u2019Environnement.<\/p>\n<p><strong>Mamadou Ouattara avec Ly Abdul<\/strong><\/p>\n","protected":false},"excerpt":{"rendered":"<p>Le Directeur de cabinet du ministre d&#8217;\u00c9tat, ministre de l&#8217;Agriculture, du D\u00e9veloppement rural et des Productions vivri\u00e8res, Nouhoun Coulibaly, a annonc\u00e9 lors d&#8217;une conf\u00e9rence de presse, au Sofitel H\u00f4tel Ivoire, le jeudi 9 janvier, que la 7e \u00e9dition du Salon international de l&#8217;agriculture et des ressources animales d&#8217;Abidjan (Sara 2025) se tiendra du 23 mai [&hellip;]<\/p>\n","protected":false},"author":4,"featured_media":36541,"comment_status":"closed","ping_status":"closed","sticky":false,"template":"","format":"standard","meta":{"_monsterinsights_skip_tracking":false,"_monsterinsights_sitenote_active":false,"_monsterinsights_sitenote_note":"","_monsterinsights_sitenote_category":0,"footnotes":""},"categories":[2,20],"tags":[4524],"class_list":["post-36540","post","type-post","status-publish","format-standard","has-post-thumbnail","hentry","category-featured","category-art-et-culture","tag-sara-2025"],"_links":{"self":[{"href":"https:\/\/www.lintelligentdabidjan.info\/news\/wp-json\/wp\/v2\/posts\/36540","targetHints":{"allow":["GET"]}}],"collection":[{"href":"https:\/\/www.lintelligentdabidjan.info\/news\/wp-json\/wp\/v2\/posts"}],"about":[{"href":"https:\/\/www.lintelligentdabidjan.info\/news\/wp-json\/wp\/v2\/types\/post"}],"author":[{"embeddable":true,"href":"https:\/\/www.lintelligentdabidjan.info\/news\/wp-json\/wp\/v2\/users\/4"}],"replies":[{"embeddable":true,"href":"https:\/\/www.lintelligentdabidjan.info\/news\/wp-json\/wp\/v2\/comments?post=36540"}],"version-history":[{"count":1,"href":"https:\/\/www.lintelligentdabidjan.info\/news\/wp-json\/wp\/v2\/posts\/36540\/revisions"}],"predecessor-version":[{"id":36542,"href":"https:\/\/www.lintelligentdabidjan.info\/news\/wp-json\/wp\/v2\/posts\/36540\/revisions\/36542"}],"wp:featuredmedia":[{"embeddable":true,"href":"https:\/\/www.lintelligentdabidjan.info\/news\/wp-json\/wp\/v2\/media\/36541"}],"wp:attachment":[{"href":"https:\/\/www.lintelligentdabidjan.info\/news\/wp-json\/wp\/v2\/media?parent=36540"}],"wp:term":[{"taxonomy":"category","embeddable":true,"href":"https:\/\/www.lintelligentdabidjan.info\/news\/wp-json\/wp\/v2\/categories?post=36540"},{"taxonomy":"post_tag","embeddable":true,"href":"https:\/\/www.lintelligentdabidjan.info\/news\/wp-json\/wp\/v2\/tags?post=36540"}],"curies":[{"name":"wp","href":"https:\/\/api.w.org\/{rel}","templated":true}]}}