{"id":36543,"date":"2025-01-10T03:21:28","date_gmt":"2025-01-10T02:21:28","guid":{"rendered":"https:\/\/www.lintelligentdabidjan.info\/news\/?p=36543"},"modified":"2025-01-10T03:22:05","modified_gmt":"2025-01-10T02:22:05","slug":"daloa-des-gendarmes-retraites-celebres-comme-des-modeles","status":"publish","type":"post","link":"https:\/\/www.lintelligentdabidjan.info\/news\/daloa-des-gendarmes-retraites-celebres-comme-des-modeles\/","title":{"rendered":"Daloa : des gendarmes retrait\u00e9s c\u00e9l\u00e9br\u00e9s comme des mod\u00e8les"},"content":{"rendered":"<p><em><strong>Lors de la c\u00e9r\u00e9monie d&#8217;hommage \u00e0 dix gendarmes admis \u00e0 faire valoir leurs droits \u00e0 la retraite, le mercredi 8 janvier 2025, \u00e0 l\u2019espace du garage de l\u2019\u00e9tat-major de la gendarmerie de Daloa, le colonel Yao Delora Cyrille, commandant de la 2\u1d49 l\u00e9gion de gendarmerie, a pris la parole pour rendre un hommage vibrant \u00e0 ces nouveaux retrait\u00e9s<\/strong><\/em><\/p>\n<p>\u00ab Chers retrait\u00e9s, vous \u00eates des mod\u00e8les pour les g\u00e9n\u00e9rations futures. Apr\u00e8s des ann\u00e9es de service \u00e0 la nation, vos actions et vos valeurs continueront d&#8217;inspirer ceux qui suivent vos pas. Les portes de la gendarmerie vous resteront toujours ouvertes, car vous avez marqu\u00e9 l\u2019histoire de notre institution par votre d\u00e9vouement \u00bb, a-t-il d\u00e9clar\u00e9.<\/p>\n<p>Ces paroles empreintes de gratitude et de respect ont r\u00e9affirm\u00e9 la place centrale de ces gendarmes dans l\u2019histoire de l\u2019institution et la m\u00e9moire collective.<\/p>\n<p>L\u2019adjudant-chef major Yao Kouam\u00e9, porte-parole des gendarmes retrait\u00e9s, a exprim\u00e9 la reconnaissance des partants envers leur hi\u00e9rarchie et leurs coll\u00e8gues.<\/p>\n<p>\u00ab Nous remercions le Commandant Sup\u00e9rieur de la gendarmerie, le g\u00e9n\u00e9ral Apalo Tour\u00e9 Alexandre, pour son soutien constant, ainsi que le colonel Yao Delora Cyrille pour ses pr\u00e9cieux conseils. Gr\u00e2ce \u00e0 vous, nous avons men\u00e9 \u00e0 bien toutes les missions qui nous ont \u00e9t\u00e9 confi\u00e9es. Cette c\u00e9r\u00e9monie restera grav\u00e9e dans nos m\u00e9moires \u00bb, a-t-il confi\u00e9, \u00e9mu.<\/p>\n<p>Repr\u00e9sentant le pr\u00e9fet de r\u00e9gion, Kouam\u00e9 Koffi, le secr\u00e9taire g\u00e9n\u00e9ral 1 de la pr\u00e9fecture, Gb\u00e9i Ke\u00efpo Emmanuel, a \u00e9galement pris la parole pour honorer ces retrait\u00e9s au nom du gouvernement ivoirien.<\/p>\n<p>\u00ab Vous \u00eates des exemples de loyaut\u00e9 et de d\u00e9vouement envers l\u2019\u00c9tat. Votre c\u00e9l\u00e9bration aujourd\u2019hui est le t\u00e9moignage de la reconnaissance de toute la nation. Sachez que les portes de nos institutions vous resteront toujours ouvertes \u00bb, a-t-il affirm\u00e9.<\/p>\n<p>Cette c\u00e9r\u00e9monie, solennelle et empreinte de fraternit\u00e9, a permis de rappeler que ces retrait\u00e9s, bien qu\u2019ils quittent la sc\u00e8ne active, demeurent des figures embl\u00e9matiques pour la gendarmerie nationale. Ils laissent un h\u00e9ritage de valeurs, de loyaut\u00e9 et de service accompli qui continuera d\u2019inspirer les g\u00e9n\u00e9rations \u00e0 venir.<\/p>\n<p><strong> Beker Yao<\/strong><\/p>\n","protected":false},"excerpt":{"rendered":"<p>Lors de la c\u00e9r\u00e9monie d&#8217;hommage \u00e0 dix gendarmes admis \u00e0 faire valoir leurs droits \u00e0 la retraite, le mercredi 8 janvier 2025, \u00e0 l\u2019espace du garage de l\u2019\u00e9tat-major de la gendarmerie de Daloa, le colonel Yao Delora Cyrille, commandant de la 2\u1d49 l\u00e9gion de gendarmerie, a pris la parole pour rendre un hommage vibrant \u00e0 [&hellip;]<\/p>\n","protected":false},"author":4,"featured_media":36544,"comment_status":"closed","ping_status":"closed","sticky":false,"template":"","format":"standard","meta":{"_monsterinsights_skip_tracking":false,"_monsterinsights_sitenote_active":false,"_monsterinsights_sitenote_note":"","_monsterinsights_sitenote_category":0,"footnotes":""},"categories":[2,3],"tags":[105,4525,4526],"class_list":["post-36543","post","type-post","status-publish","format-standard","has-post-thumbnail","hentry","category-featured","category-societe","tag-daloa","tag-gendarmes-retraites","tag-modeles"],"_links":{"self":[{"href":"https:\/\/www.lintelligentdabidjan.info\/news\/wp-json\/wp\/v2\/posts\/36543","targetHints":{"allow":["GET"]}}],"collection":[{"href":"https:\/\/www.lintelligentdabidjan.info\/news\/wp-json\/wp\/v2\/posts"}],"about":[{"href":"https:\/\/www.lintelligentdabidjan.info\/news\/wp-json\/wp\/v2\/types\/post"}],"author":[{"embeddable":true,"href":"https:\/\/www.lintelligentdabidjan.info\/news\/wp-json\/wp\/v2\/users\/4"}],"replies":[{"embeddable":true,"href":"https:\/\/www.lintelligentdabidjan.info\/news\/wp-json\/wp\/v2\/comments?post=36543"}],"version-history":[{"count":2,"href":"https:\/\/www.lintelligentdabidjan.info\/news\/wp-json\/wp\/v2\/posts\/36543\/revisions"}],"predecessor-version":[{"id":36546,"href":"https:\/\/www.lintelligentdabidjan.info\/news\/wp-json\/wp\/v2\/posts\/36543\/revisions\/36546"}],"wp:featuredmedia":[{"embeddable":true,"href":"https:\/\/www.lintelligentdabidjan.info\/news\/wp-json\/wp\/v2\/media\/36544"}],"wp:attachment":[{"href":"https:\/\/www.lintelligentdabidjan.info\/news\/wp-json\/wp\/v2\/media?parent=36543"}],"wp:term":[{"taxonomy":"category","embeddable":true,"href":"https:\/\/www.lintelligentdabidjan.info\/news\/wp-json\/wp\/v2\/categories?post=36543"},{"taxonomy":"post_tag","embeddable":true,"href":"https:\/\/www.lintelligentdabidjan.info\/news\/wp-json\/wp\/v2\/tags?post=36543"}],"curies":[{"name":"wp","href":"https:\/\/api.w.org\/{rel}","templated":true}]}}