{"id":36547,"date":"2025-01-10T03:25:27","date_gmt":"2025-01-10T02:25:27","guid":{"rendered":"https:\/\/www.lintelligentdabidjan.info\/news\/?p=36547"},"modified":"2025-01-10T03:25:36","modified_gmt":"2025-01-10T02:25:36","slug":"lintelligent-en-pdf-apres-la-can-2023-voici-le-trophee-que-les-ivoiriens-doivent-viser-en-2025","status":"publish","type":"post","link":"https:\/\/www.lintelligentdabidjan.info\/news\/lintelligent-en-pdf-apres-la-can-2023-voici-le-trophee-que-les-ivoiriens-doivent-viser-en-2025\/","title":{"rendered":"L&#8217;Intelligent en PDF:  Apr\u00e8s la CAN 2023   Voici le troph\u00e9e que les Ivoiriens doivent viser en 2025 !"},"content":{"rendered":"<p><strong>Lors de la c\u00e9r\u00e9monie de pr\u00e9sentation des v\u0153ux au chef de l&#8217;\u00c9tat par le corps diplomatique, le repr\u00e9sentant du Pape, \u00e9galement doyen des ambassadeurs en C\u00f4te d\u2019Ivoire, a souhait\u00e9 que la C\u00f4te d\u2019Ivoire remporte un nouveau troph\u00e9e en 2025, apr\u00e8s celui de la CAN 2023. Mais de quel troph\u00e9e s&#8217;agit-il ?<\/strong><\/p>\n<p>Article \u00e0 d\u00e9couvrir dans vos kiosques et en ligne sur&#8230;<\/p>\n<p><a href=\"https:\/\/news.abidjan.net\/titrologie\/39-lintelligent-dabidjan\/articles\" target=\"_blank\">https:\/\/news.abidjan.net\/titrologie\/39-lintelligent-dabidjan\/articles<\/a><\/p>\n<p>\u00c0 lire \u00e9galement les v\u0153ux 2025 de Bl\u00e9 Goud\u00e9 aux Ivoiriens, Bacongo et le Rhdp en tourn\u00e9e bient\u00f4t pour la redynamisation et mobilisation, Jo\u00ebl N\u2019Guessan parle de ceux qui redoutent la candidature de Ouattara en 2025, Pr\u00e8s de 145 millions Fcfa pour 13 acteurs des arts et culture.<\/p>\n<p>Cliquez pour les d\u00e9tails<\/p>\n<p><a href=\"https:\/\/www.afrikipresse.fr\/abonnement\" target=\"_blank\">https:\/\/www.afrikipresse.fr\/abonnement<\/a><\/p>\n<p>Voici une version corrig\u00e9e et r\u00e9organis\u00e9e :<\/p>\n<p>\u00c0 voir aussi Diomand\u00e9 Abdoulaye Karim pr\u00e9sente la situation du Warigu\u00e9 pour la sauvegarde de la Faune et de la Flore et Le Mouvement des \u00e9l\u00e8ves et \u00e9tudiants r\u00e9publicains parle de la Pr\u00e9sidentielle 2025 .<\/p>\n<p><a href=\"https:\/\/www.pressecotedivoire.ci\/titrologie\" target=\"_blank\">https:\/\/www.pressecotedivoire.ci\/titrologie<\/a><\/p>\n","protected":false},"excerpt":{"rendered":"<p>Lors de la c\u00e9r\u00e9monie de pr\u00e9sentation des v\u0153ux au chef de l&#8217;\u00c9tat par le corps diplomatique, le repr\u00e9sentant du Pape, \u00e9galement doyen des ambassadeurs en C\u00f4te d\u2019Ivoire, a souhait\u00e9 que la C\u00f4te d\u2019Ivoire remporte un nouveau troph\u00e9e en 2025, apr\u00e8s celui de la CAN 2023. Mais de quel troph\u00e9e s&#8217;agit-il ? Article \u00e0 d\u00e9couvrir dans [&hellip;]<\/p>\n","protected":false},"author":4,"featured_media":36548,"comment_status":"closed","ping_status":"closed","sticky":false,"template":"","format":"standard","meta":{"_monsterinsights_skip_tracking":false,"_monsterinsights_sitenote_active":false,"_monsterinsights_sitenote_note":"","_monsterinsights_sitenote_category":0,"footnotes":""},"categories":[2,3],"tags":[],"class_list":["post-36547","post","type-post","status-publish","format-standard","has-post-thumbnail","hentry","category-featured","category-societe"],"_links":{"self":[{"href":"https:\/\/www.lintelligentdabidjan.info\/news\/wp-json\/wp\/v2\/posts\/36547","targetHints":{"allow":["GET"]}}],"collection":[{"href":"https:\/\/www.lintelligentdabidjan.info\/news\/wp-json\/wp\/v2\/posts"}],"about":[{"href":"https:\/\/www.lintelligentdabidjan.info\/news\/wp-json\/wp\/v2\/types\/post"}],"author":[{"embeddable":true,"href":"https:\/\/www.lintelligentdabidjan.info\/news\/wp-json\/wp\/v2\/users\/4"}],"replies":[{"embeddable":true,"href":"https:\/\/www.lintelligentdabidjan.info\/news\/wp-json\/wp\/v2\/comments?post=36547"}],"version-history":[{"count":1,"href":"https:\/\/www.lintelligentdabidjan.info\/news\/wp-json\/wp\/v2\/posts\/36547\/revisions"}],"predecessor-version":[{"id":36549,"href":"https:\/\/www.lintelligentdabidjan.info\/news\/wp-json\/wp\/v2\/posts\/36547\/revisions\/36549"}],"wp:featuredmedia":[{"embeddable":true,"href":"https:\/\/www.lintelligentdabidjan.info\/news\/wp-json\/wp\/v2\/media\/36548"}],"wp:attachment":[{"href":"https:\/\/www.lintelligentdabidjan.info\/news\/wp-json\/wp\/v2\/media?parent=36547"}],"wp:term":[{"taxonomy":"category","embeddable":true,"href":"https:\/\/www.lintelligentdabidjan.info\/news\/wp-json\/wp\/v2\/categories?post=36547"},{"taxonomy":"post_tag","embeddable":true,"href":"https:\/\/www.lintelligentdabidjan.info\/news\/wp-json\/wp\/v2\/tags?post=36547"}],"curies":[{"name":"wp","href":"https:\/\/api.w.org\/{rel}","templated":true}]}}