{"id":36556,"date":"2025-01-13T05:32:57","date_gmt":"2025-01-13T04:32:57","guid":{"rendered":"https:\/\/www.lintelligentdabidjan.info\/news\/?p=36556"},"modified":"2025-01-13T05:33:00","modified_gmt":"2025-01-13T04:33:00","slug":"haut-sassandra-les-responsables-des-auto-ecoles-demandent-un-soutien-de-letat","status":"publish","type":"post","link":"https:\/\/www.lintelligentdabidjan.info\/news\/haut-sassandra-les-responsables-des-auto-ecoles-demandent-un-soutien-de-letat\/","title":{"rendered":"Haut-Sassandra-  Les responsables des auto-\u00e9coles demandent un soutien de l\u2019\u00c9tat"},"content":{"rendered":"<p><em><strong>Les responsables des auto-\u00e9coles du Haut-Sassandra appellent l\u2019\u00c9tat de C\u00f4te d\u2019Ivoire \u00e0 les soutenir en fournissant des \u00e9quipements de formation afin d\u2019am\u00e9liorer la qualit\u00e9 de l\u2019enseignement pour les demandeurs de permis de conduire. Cette demande a \u00e9t\u00e9 formul\u00e9e le vendredi 10 d\u00e9cembre 2025, lors de la pr\u00e9sentation des v\u0153ux de Nouvel An au directeur r\u00e9gional des Transports, Diarrassouba Daouda, dans les locaux de la direction r\u00e9gionale.<\/strong><\/em><\/p>\n<p>Les responsables des auto-\u00e9coles, r\u00e9unis \u00e0 cette occasion, ont exprim\u00e9 leur volont\u00e9 de renforcer la formation des futurs conducteurs, tout en soulignant le besoin urgent d\u2019un accompagnement institutionnel.<\/p>\n<p>Le porte-parole des auto-\u00e9coles, Sangar\u00e9 Lacina, directeur de Paris Auto-\u00e9cole \u00e0 Daloa et pr\u00e9sident de l\u2019Union nationale du patronat des auto-\u00e9coles en C\u00f4te d\u2019Ivoire (UNAPAECI), a mis en avant l\u2019importance de proposer une formation compl\u00e8te, aussi bien th\u00e9orique que pratique. <\/p>\n<p>Il a cependant d\u00e9plor\u00e9 le manque d\u2019\u00e9quipements ad\u00e9quats pour mener \u00e0 bien cette mission. &#8220;Nous avons les autorisations l\u00e9gales, mais il nous manque des \u00e9quipements de formation. Nous ne b\u00e9n\u00e9ficions pas d\u2019un soutien de l\u2019\u00c9tat&#8221;, a-t-il d\u00e9plor\u00e9. <\/p>\n<p>Il a \u00e9galement salu\u00e9 l&#8217;engagement du directeur g\u00e9n\u00e9ral des Transports pour son soutien aux auto-\u00e9coles et pour ses efforts de sensibilisation dans la r\u00e9gion, tout en exprimant l&#8217;espoir que l&#8217;\u00c9tat prenne des mesures concr\u00e8tes pour fournir l&#8217;\u00e9quipement n\u00e9cessaire.<\/p>\n<p>Le directeur r\u00e9gional des Transports , Diarrassouba Daouda a exprim\u00e9 son soutien aux formateurs en soulignant leur r\u00f4le primordial dans la s\u00e9curit\u00e9 routi\u00e8re.<\/p>\n<p> &#8220;Nous avons \u00e9chang\u00e9 avec les responsables des auto-\u00e9coles afin de les sensibiliser \u00e0 leur r\u00f4le essentiel dans la formation des usagers de la route. Une bonne formation des demandeurs de permis contribuera ind\u00e9niablement \u00e0 la s\u00e9curit\u00e9 sur nos routes&#8221;, a-t-il pr\u00e9cis\u00e9. <\/p>\n<p>Il a \u00e9galement invit\u00e9 les formateurs \u00e0 renforcer leur engagement et \u00e0 encourager les apprenants \u00e0 s&#8217;impliquer davantage dans les pratiques de s\u00e9curit\u00e9 routi\u00e8re.<\/p>\n<p>En 2024, de janvier \u00e0 juillet, 356 accidents ont \u00e9t\u00e9 recens\u00e9s dans la r\u00e9gion, causant 459 bless\u00e9s et 41 d\u00e9c\u00e8s. Parmi ces accidents, 40 % \u00e9taient dus aux tricycles et aux v\u00e9hicules \u00e0 deux roues.<\/p>\n<p>Cette rencontre a permis de poser les bases d\u2019une collaboration renforc\u00e9e pour relever les d\u00e9fis li\u00e9s \u00e0 la s\u00e9curit\u00e9 routi\u00e8re et am\u00e9liorer la qualit\u00e9 de la formation des conducteurs dans le Haut-Sassandra.<\/p>\n<p><strong>Beker Yao<\/strong><\/p>\n","protected":false},"excerpt":{"rendered":"<p>Les responsables des auto-\u00e9coles du Haut-Sassandra appellent l\u2019\u00c9tat de C\u00f4te d\u2019Ivoire \u00e0 les soutenir en fournissant des \u00e9quipements de formation afin d\u2019am\u00e9liorer la qualit\u00e9 de l\u2019enseignement pour les demandeurs de permis de conduire. Cette demande a \u00e9t\u00e9 formul\u00e9e le vendredi 10 d\u00e9cembre 2025, lors de la pr\u00e9sentation des v\u0153ux de Nouvel An au directeur r\u00e9gional [&hellip;]<\/p>\n","protected":false},"author":4,"featured_media":36557,"comment_status":"closed","ping_status":"closed","sticky":false,"template":"","format":"standard","meta":{"_monsterinsights_skip_tracking":false,"_monsterinsights_sitenote_active":false,"_monsterinsights_sitenote_note":"","_monsterinsights_sitenote_category":0,"footnotes":""},"categories":[2,3],"tags":[],"class_list":["post-36556","post","type-post","status-publish","format-standard","has-post-thumbnail","hentry","category-featured","category-societe"],"_links":{"self":[{"href":"https:\/\/www.lintelligentdabidjan.info\/news\/wp-json\/wp\/v2\/posts\/36556","targetHints":{"allow":["GET"]}}],"collection":[{"href":"https:\/\/www.lintelligentdabidjan.info\/news\/wp-json\/wp\/v2\/posts"}],"about":[{"href":"https:\/\/www.lintelligentdabidjan.info\/news\/wp-json\/wp\/v2\/types\/post"}],"author":[{"embeddable":true,"href":"https:\/\/www.lintelligentdabidjan.info\/news\/wp-json\/wp\/v2\/users\/4"}],"replies":[{"embeddable":true,"href":"https:\/\/www.lintelligentdabidjan.info\/news\/wp-json\/wp\/v2\/comments?post=36556"}],"version-history":[{"count":1,"href":"https:\/\/www.lintelligentdabidjan.info\/news\/wp-json\/wp\/v2\/posts\/36556\/revisions"}],"predecessor-version":[{"id":36558,"href":"https:\/\/www.lintelligentdabidjan.info\/news\/wp-json\/wp\/v2\/posts\/36556\/revisions\/36558"}],"wp:featuredmedia":[{"embeddable":true,"href":"https:\/\/www.lintelligentdabidjan.info\/news\/wp-json\/wp\/v2\/media\/36557"}],"wp:attachment":[{"href":"https:\/\/www.lintelligentdabidjan.info\/news\/wp-json\/wp\/v2\/media?parent=36556"}],"wp:term":[{"taxonomy":"category","embeddable":true,"href":"https:\/\/www.lintelligentdabidjan.info\/news\/wp-json\/wp\/v2\/categories?post=36556"},{"taxonomy":"post_tag","embeddable":true,"href":"https:\/\/www.lintelligentdabidjan.info\/news\/wp-json\/wp\/v2\/tags?post=36556"}],"curies":[{"name":"wp","href":"https:\/\/api.w.org\/{rel}","templated":true}]}}