{"id":36562,"date":"2025-01-14T05:40:39","date_gmt":"2025-01-14T04:40:39","guid":{"rendered":"https:\/\/www.lintelligentdabidjan.info\/news\/?p=36562"},"modified":"2025-01-15T12:57:40","modified_gmt":"2025-01-15T11:57:40","slug":"les-jeunes-et-les-femmes-de-aide-ont-presente-leurs-voeux-de-nouvel-an-au-president-bamba-yacouba-un-engagement-pour-le-developpement-et-le-progres-collectif","status":"publish","type":"post","link":"https:\/\/www.lintelligentdabidjan.info\/news\/les-jeunes-et-les-femmes-de-aide-ont-presente-leurs-voeux-de-nouvel-an-au-president-bamba-yacouba-un-engagement-pour-le-developpement-et-le-progres-collectif\/","title":{"rendered":"Les jeunes et les femmes de AIDE ont pr\u00e9sent\u00e9 leurs v\u0153ux de nouvel An au pr\u00e9sident Bamba Yacouba-Un engagement pour le d\u00e9veloppement et le progr\u00e8s collectif"},"content":{"rendered":"<p><em><strong>Le samedi 11 janvier 2025,le Centre culturel d&#8217;Abobo a abrit\u00e9 la c\u00e9r\u00e9monie de pr\u00e9sentation de v\u0153ux de Nouvel An au pr\u00e9sident du Mouvement Agir pour les Institutions et le D\u00e9veloppement (AIDE), Bamba Yacouba. Cette c\u00e9r\u00e9monie, marqu\u00e9e par une forte mobilisation des jeunes et des femmes, a r\u00e9uni de nombreux responsables du mouvement, t\u00e9moignant de l&#8217;enthousiasme et de l&#8217;engagement collectif envers un avenir meilleur.<\/strong><\/em><\/p>\n<p>Aux c\u00f4t\u00e9s du pr\u00e9sident, des figures embl\u00e9matiques du mouvement ont pris part \u00e0 cet \u00e9v\u00e9nement, notamment Madame G\u00e9raldine Akpa, vice-pr\u00e9sidente charg\u00e9e de la mobilisation des femmes, Ouattara Wologo Oumar, secr\u00e9taire g\u00e9n\u00e9ral, ainsi que Yao N&#8217;Goran Toussaint, directeur de cabinet, et N&#8217;Golo Coulibaly, vice-pr\u00e9sident charg\u00e9 de la mobilisation des jeunes. La d\u00e9l\u00e9gation d\u00e9partementale de Cocody, dirig\u00e9e par la d\u00e9partementale Mme Lydie Blackson, \u00e9tait \u00e9galement pr\u00e9sente, marquant ainsi la solidarit\u00e9 et l\u2019unit\u00e9 au sein du mouvement AIDE. Dans son discours, Bamba Yacouba a retrac\u00e9 son parcours politique qui d\u00e9bute avant 2010 en mettant en avant ses contributions significatives lors des \u00e9lections municipales de 2013 ; 2018 et 2023. Il a \u00e9galement soulign\u00e9 son ascension au sein de son ancienne formation politique, illustrant son engagement et sa capacit\u00e9 \u00e0 diriger. \u00ab Mes actions sociales m&#8217;ont valu le prix Bacim (B\u00e2tisseurs de la C\u00f4te d&#8217;Ivoire Moderne), une distinction qui t\u00e9moigne de mon engagement \u00e0 am\u00e9liorer le quotidien des populations. \u00bb , a fait savoir Bamba Yacouba. Outre cela, les membres du mouvement AIDE ont exprim\u00e9 leur gratitude envers leur pr\u00e9sident pour son leadership et sa g\u00e9n\u00e9rosit\u00e9. N&#8217;Golo Coulibaly a affirm\u00e9 que Bamba Yacouba \u00ab place l&#8217;homme au c\u0153ur de ses actions \u00bb, soulignant ainsi l&#8217;humanisme et l&#8217;engagement social qui le caract\u00e9risent.<\/p>\n<p>\u00ab Chaque ann\u00e9e qui commence est porteuse de promesses et d&#8217;avanc\u00e9es significatives. Nous sommes appel\u00e9s \u00e0 donner un sens et une coh\u00e9rence \u00e0 l&#8217;horizon qui s&#8217;ouvre devant nous, aux c\u00f4t\u00e9s d&#8217;un leader qui valorise la dimension humaine \u00bb, a d\u00e9clar\u00e9 N&#8217;Golo Coulibaly, repr\u00e9sentant la jeunesse du mouvement AIDE. Aussi, il a r\u00e9it\u00e9r\u00e9 l&#8217;engagement et l&#8217;attachement de la jeunesse \u00e0 la personne de Bamba Yacouba, tout en affirmant leur volont\u00e9 de faire de leur instrument politique un appareil fort et bien implant\u00e9 en C\u00f4te d&#8217;Ivoire et au-del\u00e0. Cette c\u00e9r\u00e9monie de v\u0153ux a ainsi \u00e9t\u00e9 l&#8217;occasion pour le Mouvement AIDE de r\u00e9affirmer son engagement pour le d\u00e9veloppement local et social, sous la conduite de son pr\u00e9sident Bamba Yacouba.<\/p>\n<p><strong>Mamadou Ouattara avec Ly Abdul <\/strong><\/p>\n<p>Le Mouvement Agir pour les Institutions et le D\u00e9veloppement a fait son bilan 2024<\/p>\n<p>Photo DR<\/p>\n","protected":false},"excerpt":{"rendered":"<p>Le samedi 11 janvier 2025,le Centre culturel d&#8217;Abobo a abrit\u00e9 la c\u00e9r\u00e9monie de pr\u00e9sentation de v\u0153ux de Nouvel An au pr\u00e9sident du Mouvement Agir pour les Institutions et le D\u00e9veloppement (AIDE), Bamba Yacouba. Cette c\u00e9r\u00e9monie, marqu\u00e9e par une forte mobilisation des jeunes et des femmes, a r\u00e9uni de nombreux responsables du mouvement, t\u00e9moignant de l&#8217;enthousiasme [&hellip;]<\/p>\n","protected":false},"author":4,"featured_media":36584,"comment_status":"closed","ping_status":"closed","sticky":false,"template":"","format":"standard","meta":{"_monsterinsights_skip_tracking":false,"_monsterinsights_sitenote_active":false,"_monsterinsights_sitenote_note":"","_monsterinsights_sitenote_category":0,"footnotes":""},"categories":[2,3],"tags":[3809,4529],"class_list":["post-36562","post","type-post","status-publish","format-standard","has-post-thumbnail","hentry","category-featured","category-societe","tag-developpement-durable","tag-mouvement-agir"],"_links":{"self":[{"href":"https:\/\/www.lintelligentdabidjan.info\/news\/wp-json\/wp\/v2\/posts\/36562","targetHints":{"allow":["GET"]}}],"collection":[{"href":"https:\/\/www.lintelligentdabidjan.info\/news\/wp-json\/wp\/v2\/posts"}],"about":[{"href":"https:\/\/www.lintelligentdabidjan.info\/news\/wp-json\/wp\/v2\/types\/post"}],"author":[{"embeddable":true,"href":"https:\/\/www.lintelligentdabidjan.info\/news\/wp-json\/wp\/v2\/users\/4"}],"replies":[{"embeddable":true,"href":"https:\/\/www.lintelligentdabidjan.info\/news\/wp-json\/wp\/v2\/comments?post=36562"}],"version-history":[{"count":5,"href":"https:\/\/www.lintelligentdabidjan.info\/news\/wp-json\/wp\/v2\/posts\/36562\/revisions"}],"predecessor-version":[{"id":36590,"href":"https:\/\/www.lintelligentdabidjan.info\/news\/wp-json\/wp\/v2\/posts\/36562\/revisions\/36590"}],"wp:featuredmedia":[{"embeddable":true,"href":"https:\/\/www.lintelligentdabidjan.info\/news\/wp-json\/wp\/v2\/media\/36584"}],"wp:attachment":[{"href":"https:\/\/www.lintelligentdabidjan.info\/news\/wp-json\/wp\/v2\/media?parent=36562"}],"wp:term":[{"taxonomy":"category","embeddable":true,"href":"https:\/\/www.lintelligentdabidjan.info\/news\/wp-json\/wp\/v2\/categories?post=36562"},{"taxonomy":"post_tag","embeddable":true,"href":"https:\/\/www.lintelligentdabidjan.info\/news\/wp-json\/wp\/v2\/tags?post=36562"}],"curies":[{"name":"wp","href":"https:\/\/api.w.org\/{rel}","templated":true}]}}