{"id":36567,"date":"2025-01-14T05:48:05","date_gmt":"2025-01-14T04:48:05","guid":{"rendered":"https:\/\/www.lintelligentdabidjan.info\/news\/?p=36567"},"modified":"2025-01-14T05:48:56","modified_gmt":"2025-01-14T04:48:56","slug":"aes-vs-cedeao-les-consequences-de-la-rupture","status":"publish","type":"post","link":"https:\/\/www.lintelligentdabidjan.info\/news\/aes-vs-cedeao-les-consequences-de-la-rupture\/","title":{"rendered":"AES vs CEDEAO : les cons\u00e9quences de la rupture"},"content":{"rendered":"<p><em><strong>La nouvelle ann\u00e9e 2025 marque un point de rupture pour les pays de l\u2019Afrique de l\u2019Ouest. Le 29 janvier prochain, le retrait des pays de la l\u2019AES de la CEDEAO sera effectif. Une d\u00e9cision qui risque d\u2019accentuer l\u2019instabilit\u00e9 s\u00e9curitaire et de ralentir le d\u00e9veloppement de cette sous-r\u00e9gion.<\/strong><\/em><\/p>\n<p>Le 28 janvier 2024, l\u2019alliance des \u00c9tats du Sahel (le Mali, le Niger et le Burkina Faso) annon\u00e7ait son retrait \u00ab sans d\u00e9lai \u00bb de la Communaut\u00e9 \u00e9conomique des \u00c9tats d\u2019Afrique de l\u2019Ouest (CEDEAO). Un an plus tard, le retrait des pays de l\u2019AES de la CEDEAO est proche d\u2019\u00eatre officialis\u00e9.<br \/>\nL\u2019organisation en charge de l\u2019int\u00e9gration territoriale de l\u2019Afrique de l\u2019Ouest, a tent\u00e9 de retenir les trois pays de l\u2019AES. Le 15 d\u00e9cembre dernier, le pr\u00e9sident de la commission de la C\u00e9d\u00e9ao, Omar Touray soutenait que : \u00ab les portes de la CEDEAO resteront ouvertes \u00bb \u00e0 l\u2019AES durant encore six mois.<br \/>\nCet attachement s\u2019explique par la mission unificatrice et inclusive pour l\u2019Afrique de l\u2019Ouest, le fondement m\u00eame de la l&#8217;oragnisation. Ainsi, le retrait des pays de l\u2019AES constituerait un accroissement de la fragmentation de la r\u00e9gion, d\u00e9but\u00e9e depuis l\u2019arriv\u00e9e des gouvernements militaires \u00e0 la t\u00eate du Mali, du Niger et du Burkina Faso.<br \/>\n\u00c0 ce titre, l\u2019AES avait \u00e9t\u00e9 cr\u00e9e en septembre 2023, contre les mises en garde de la CEDEAO envers les prises de pouvoir non-d\u00e9mocratiques. En cons\u00e9quence, le retrait de l\u2019AES, freine les projets de d\u00e9veloppement de l\u2019Afrique de l\u2019Ouest et risque m\u00eame d\u2019approfondir l\u2019instabilit\u00e9 s\u00e9curitaire de la sous-r\u00e9gion.<\/p>\n<p><strong>Un bouleversement \u00e9conomique et s\u00e9curitaire<\/strong><\/p>\n<p>Si l\u2019objectif principal de la CEDEAO demeure le d\u00e9veloppement de l\u2019\u00e9conomie Ouest-Africaine, la situation s\u00e9curitaire de la sous-r\u00e9gion reste indispensable \u00e0 la r\u00e9alisation de cet objectif. L\u2019instabilit\u00e9 \u00e9conomique de l\u2019Afrique de l\u2019Ouest s\u2019explique, en partie, par la prolif\u00e9ration de la menace terroriste islamiste. Celle-ci parvient \u00e0 se mouvoir \u00e0 travers les \u00c9tats et son \u00e9vanescence l\u2019a rend difficile \u00e0 appr\u00e9hender. En ce sens, la r\u00e9ponse au terrorisme doit \u00eatre transnationale pour pouvoir suivre les allers-retours de la mouvance djihadiste. C\u2019est pourquoi, le retrait de l\u2019AES, \u00e9picentre du djihadisme local, est susceptible de creuser un vide s\u00e9curitaire en Afrique de l\u2019Ouest, notamment au Mali, Niger et Burkina Faso. Cette fragmentation pourrait profiter aux terroristes, se jouant des dissensions entre l\u2019AES et les \u00c9tats d\u00e9mocratiques de la CEDEAO. En cas de s\u00e9paration, les deux blocs devront r\u00e9organiser leur politique s\u00e9curitaire. De quoi alimenter une instabilit\u00e9 qui pourrait profiter \u00e0 des acteurs ext\u00e9rieurs comme les soci\u00e9t\u00e9s militaires priv\u00e9es \u00e9trang\u00e8res (Wagner et Sadat). Ces derni\u00e8res, restent indispensables \u00e0 la s\u00e9curisation des sites strat\u00e9giques de l\u2019AES, telles que les exploitations aurif\u00e8res.<br \/>\nDe cette mani\u00e8re, le retrait de l\u2019AES de la CEDEAO et l\u2019instabilit\u00e9 en d\u00e9coulant, pourrait avoir des effets sur l\u2019\u00e9conomie de la sous-r\u00e9gion. En effet, l\u2019AES et ses voisins ouest-africains sont interd\u00e9pendant au niveau de leurs infrastructures et des biens \u00e9chang\u00e9s : (carburant, \u00e9lectricit\u00e9, denr\u00e9es alimentaires, produits manufactur\u00e9s et minerais). Or, selon M. Touray : \u00abLe retrait des trois \u00c9tats-membre pourrait entra\u00eener l\u2019arr\u00eat ou la suspension de tous les projets et programmes mis en \u0153uvre par la CEDEAO dans ces trois pays et dont la valeur est estim\u00e9e \u00e0 plus de 500 millions de dollars am\u00e9ricains \u00bb. Par cons\u00e9quent, le prochain retrait de l\u2019AES reconfigurera l\u2019espace \u00e9conomique ouest-africain, devraient perdre en attractivit\u00e9 d\u2019 \u00e9ventuels nouveaux investisseurs. Ce retrait \u00ab irr\u00e9versible \u00bb bouscule l\u2019\u00e9quilibre d\u2019une sous-r\u00e9gion \u0153uvrant pour sa stabilit\u00e9 et son d\u00e9veloppement. En d\u00e9finitive, avec cette d\u00e9cision l\u2019AES diffuse un vent d\u2019instabilit\u00e9 et poursuit un isolement qu\u2019elle pourra difficilement assumer.<\/p>\n<p><strong>Constantine<\/strong><\/p>\n","protected":false},"excerpt":{"rendered":"<p>La nouvelle ann\u00e9e 2025 marque un point de rupture pour les pays de l\u2019Afrique de l\u2019Ouest. Le 29 janvier prochain, le retrait des pays de la l\u2019AES de la CEDEAO sera effectif. Une d\u00e9cision qui risque d\u2019accentuer l\u2019instabilit\u00e9 s\u00e9curitaire et de ralentir le d\u00e9veloppement de cette sous-r\u00e9gion. Le 28 janvier 2024, l\u2019alliance des \u00c9tats du [&hellip;]<\/p>\n","protected":false},"author":4,"featured_media":36568,"comment_status":"closed","ping_status":"closed","sticky":false,"template":"","format":"standard","meta":{"_monsterinsights_skip_tracking":false,"_monsterinsights_sitenote_active":false,"_monsterinsights_sitenote_note":"","_monsterinsights_sitenote_category":0,"footnotes":""},"categories":[2,17],"tags":[3132,83,4530,4531],"class_list":["post-36567","post","type-post","status-publish","format-standard","has-post-thumbnail","hentry","category-featured","category-politique","tag-aes","tag-cedeao","tag-consequences","tag-rupture"],"_links":{"self":[{"href":"https:\/\/www.lintelligentdabidjan.info\/news\/wp-json\/wp\/v2\/posts\/36567","targetHints":{"allow":["GET"]}}],"collection":[{"href":"https:\/\/www.lintelligentdabidjan.info\/news\/wp-json\/wp\/v2\/posts"}],"about":[{"href":"https:\/\/www.lintelligentdabidjan.info\/news\/wp-json\/wp\/v2\/types\/post"}],"author":[{"embeddable":true,"href":"https:\/\/www.lintelligentdabidjan.info\/news\/wp-json\/wp\/v2\/users\/4"}],"replies":[{"embeddable":true,"href":"https:\/\/www.lintelligentdabidjan.info\/news\/wp-json\/wp\/v2\/comments?post=36567"}],"version-history":[{"count":1,"href":"https:\/\/www.lintelligentdabidjan.info\/news\/wp-json\/wp\/v2\/posts\/36567\/revisions"}],"predecessor-version":[{"id":36569,"href":"https:\/\/www.lintelligentdabidjan.info\/news\/wp-json\/wp\/v2\/posts\/36567\/revisions\/36569"}],"wp:featuredmedia":[{"embeddable":true,"href":"https:\/\/www.lintelligentdabidjan.info\/news\/wp-json\/wp\/v2\/media\/36568"}],"wp:attachment":[{"href":"https:\/\/www.lintelligentdabidjan.info\/news\/wp-json\/wp\/v2\/media?parent=36567"}],"wp:term":[{"taxonomy":"category","embeddable":true,"href":"https:\/\/www.lintelligentdabidjan.info\/news\/wp-json\/wp\/v2\/categories?post=36567"},{"taxonomy":"post_tag","embeddable":true,"href":"https:\/\/www.lintelligentdabidjan.info\/news\/wp-json\/wp\/v2\/tags?post=36567"}],"curies":[{"name":"wp","href":"https:\/\/api.w.org\/{rel}","templated":true}]}}