{"id":36570,"date":"2025-01-15T00:25:49","date_gmt":"2025-01-14T23:25:49","guid":{"rendered":"https:\/\/www.lintelligentdabidjan.info\/news\/?p=36570"},"modified":"2025-01-15T01:05:23","modified_gmt":"2025-01-15T00:05:23","slug":"football-feminin-reynald-pedros-attendu-a-la-tete-des-elephantes-en-cote-divoire","status":"publish","type":"post","link":"https:\/\/www.lintelligentdabidjan.info\/news\/football-feminin-reynald-pedros-attendu-a-la-tete-des-elephantes-en-cote-divoire\/","title":{"rendered":"Football F\u00e9minin-   Reynald Pedros attendu \u00e0 la t\u00eate des \u00c9l\u00e9phantes en C\u00f4te d\u2019Ivoire"},"content":{"rendered":"<p><em><strong>La F\u00e9d\u00e9ration Ivoirienne de Football (FIF) s\u2019appr\u00eate \u00e0 annoncer le nom du prochain s\u00e9lectionneur de l\u2019\u00e9quipe nationale f\u00e9minine de football.<\/strong><\/em><\/p>\n<p>Selon des sources, le choix du Comit\u00e9 ex\u00e9cutif de la FIF s\u2019est port\u00e9 sur le Fran\u00e7ais Reynald Pedros, ancien s\u00e9lectionneur de l\u2019\u00e9quipe f\u00e9minine du Maroc.<\/p>\n<p>Son projet sportif aurait convaincu les dirigeants f\u00e9d\u00e9raux, au terme d\u2019une s\u00e9lection o\u00f9 il \u00e9tait en concurrence avec la Fran\u00e7aise Corinne Diacre.<\/p>\n<p>Reynald Pedros a marqu\u00e9 les esprits en menant les Lionnes de l\u2019Atlas \u00e0 leur premi\u00e8re qualification historique pour les huiti\u00e8mes de finale de la Coupe du monde f\u00e9minine 2023, un exploit qui a pes\u00e9 dans la balance pour son recrutement.<\/p>\n<p>L\u2019annonce officielle de sa nomination est attendue dans les prochains jours.<\/p>\n<p><strong>Ange Kouadio<\/strong><\/p>\n","protected":false},"excerpt":{"rendered":"<p>La F\u00e9d\u00e9ration Ivoirienne de Football (FIF) s\u2019appr\u00eate \u00e0 annoncer le nom du prochain s\u00e9lectionneur de l\u2019\u00e9quipe nationale f\u00e9minine de football. Selon des sources, le choix du Comit\u00e9 ex\u00e9cutif de la FIF s\u2019est port\u00e9 sur le Fran\u00e7ais Reynald Pedros, ancien s\u00e9lectionneur de l\u2019\u00e9quipe f\u00e9minine du Maroc. Son projet sportif aurait convaincu les dirigeants f\u00e9d\u00e9raux, au terme [&hellip;]<\/p>\n","protected":false},"author":4,"featured_media":36572,"comment_status":"closed","ping_status":"closed","sticky":false,"template":"","format":"standard","meta":{"_monsterinsights_skip_tracking":false,"_monsterinsights_sitenote_active":false,"_monsterinsights_sitenote_note":"","_monsterinsights_sitenote_category":0,"footnotes":""},"categories":[2,23],"tags":[],"class_list":["post-36570","post","type-post","status-publish","format-standard","has-post-thumbnail","hentry","category-featured","category-sport"],"_links":{"self":[{"href":"https:\/\/www.lintelligentdabidjan.info\/news\/wp-json\/wp\/v2\/posts\/36570","targetHints":{"allow":["GET"]}}],"collection":[{"href":"https:\/\/www.lintelligentdabidjan.info\/news\/wp-json\/wp\/v2\/posts"}],"about":[{"href":"https:\/\/www.lintelligentdabidjan.info\/news\/wp-json\/wp\/v2\/types\/post"}],"author":[{"embeddable":true,"href":"https:\/\/www.lintelligentdabidjan.info\/news\/wp-json\/wp\/v2\/users\/4"}],"replies":[{"embeddable":true,"href":"https:\/\/www.lintelligentdabidjan.info\/news\/wp-json\/wp\/v2\/comments?post=36570"}],"version-history":[{"count":2,"href":"https:\/\/www.lintelligentdabidjan.info\/news\/wp-json\/wp\/v2\/posts\/36570\/revisions"}],"predecessor-version":[{"id":36574,"href":"https:\/\/www.lintelligentdabidjan.info\/news\/wp-json\/wp\/v2\/posts\/36570\/revisions\/36574"}],"wp:featuredmedia":[{"embeddable":true,"href":"https:\/\/www.lintelligentdabidjan.info\/news\/wp-json\/wp\/v2\/media\/36572"}],"wp:attachment":[{"href":"https:\/\/www.lintelligentdabidjan.info\/news\/wp-json\/wp\/v2\/media?parent=36570"}],"wp:term":[{"taxonomy":"category","embeddable":true,"href":"https:\/\/www.lintelligentdabidjan.info\/news\/wp-json\/wp\/v2\/categories?post=36570"},{"taxonomy":"post_tag","embeddable":true,"href":"https:\/\/www.lintelligentdabidjan.info\/news\/wp-json\/wp\/v2\/tags?post=36570"}],"curies":[{"name":"wp","href":"https:\/\/api.w.org\/{rel}","templated":true}]}}