{"id":36575,"date":"2025-01-15T01:53:41","date_gmt":"2025-01-15T00:53:41","guid":{"rendered":"https:\/\/www.lintelligentdabidjan.info\/news\/?p=36575"},"modified":"2025-01-15T01:53:45","modified_gmt":"2025-01-15T00:53:45","slug":"controle-biometrique-des-eleves-affectes-par-letat-dans-les-etablissements-secondaires-prives-des-membres-de-lequipe-de-gestion-en-formation","status":"publish","type":"post","link":"https:\/\/www.lintelligentdabidjan.info\/news\/controle-biometrique-des-eleves-affectes-par-letat-dans-les-etablissements-secondaires-prives-des-membres-de-lequipe-de-gestion-en-formation\/","title":{"rendered":"Contr\u00f4le biom\u00e9trique des \u00e9l\u00e8ves affect\u00e9s par l&#8217;\u00c9tat dans les \u00e9tablissements secondaires priv\u00e9s-    Des membres de l&#8217;\u00e9quipe de gestion en formation"},"content":{"rendered":"<p><em><strong>La c\u00e9r\u00e9monie d\u2019ouverture du s\u00e9minaire de formation des membres de l&#8217;\u00e9quipe de gestion pour la prise en main totale du syst\u00e8me de contr\u00f4le biom\u00e9trique des \u00e9l\u00e8ves affect\u00e9s par l&#8217;Etat dans les \u00e9tablissements secondaires priv\u00e9s s\u2019est tenue le lundi 13 janvier 2025 dans un h\u00f4tel de Jacqueville.<\/strong><\/em><\/p>\n<p>Cet atelier de formation, qui se d\u00e9roule du 13  au 24 janvier 2025, vise \u00e0 former les membres de l\u2019\u00e9quipe de gestion sur cinq modules pour une ma\u00eetrise compl\u00e8te du syst\u00e8me de contr\u00f4le biom\u00e9trique. Financ\u00e9 par la Banque mondiale et coordonn\u00e9 par le Projet d\u2019am\u00e9lioration de la gouvernance de la d\u00e9livrance des services de base aux citoyens (Pagds), ce syst\u00e8me a \u00e9t\u00e9 mis en vigueur en 2020 et arrive \u00e0 terme en 2025. Il s\u2019agit d\u2019une op\u00e9ration qui consiste \u00e0 v\u00e9rifier la pr\u00e9sence effective des \u00e9l\u00e8ves affect\u00e9s \u00e0 partir d\u2019un dispositif informatique. \u00c0 l\u2019ouverture de cet atelier, la Directrice de l\u2019Encadrement des \u00c9tablissements Priv\u00e9s (Deep), Tour\u00e9 n\u00e9e Diarra Mariam, a salu\u00e9 cette initiative, qui permet d&#8217;avoir un regard pr\u00e9cis sur la pr\u00e9sence des \u00e9l\u00e8ves dans les \u00e9tablissements secondaires priv\u00e9s, o\u00f9 la ma\u00eetrise des effectifs \u00e9tait devenue probl\u00e9matique. \u00ab Il \u00e9tait important de ma\u00eetriser l&#8217;effectif afin que l&#8217;\u00c9tat puisse payer la juste dette. Avec le pointage biom\u00e9trique, nous parvenons \u00e0 payer la bonne dette, et nous avons b\u00e9n\u00e9fici\u00e9 de nombreux avantages, tels que la r\u00e9duction des risques de transport et des gains dans l\u2019\u00e9laboration des d\u00e9cisions. Nous avons \u00e9galement gagn\u00e9 en cr\u00e9dibilit\u00e9, car nous avons pay\u00e9 la juste dette \u00e0 temps. En son temps, apr\u00e8s \u00e9valuation, nous avons enregistr\u00e9 un gain de pr\u00e8s de 7 milliards de francs Cfa par an \u00bb, a-t-elle d\u00e9clar\u00e9.<\/p>\n<p>Elle a \u00e9galement rappel\u00e9 que le contr\u00f4le biom\u00e9trique des \u00e9l\u00e8ves a d\u00e9but\u00e9 en 2020 par une phase pilote, avec 744 \u00e9tablissements \u00e9quip\u00e9s. \u00ab \u00c0 ce jour, tous les \u00e9tablissements secondaires priv\u00e9s ayant des \u00e9l\u00e8ves affect\u00e9s sont \u00e9quip\u00e9s, soit 2 382 \u00e9tablissements, gr\u00e2ce \u00e0 l\u2019engagement de Madame le Ministre et \u00e0 l\u2019appui financier de la Banque mondiale \u00e0 travers le Pagds \u00bb, a-t-elle affirm\u00e9. La directrice du cabinet adjoint du minist\u00e8re de l\u2019\u00c9ducation nationale et de l\u2019Alphab\u00e9tisation, S\u00e9pou Kacou Anastasie, a salu\u00e9 le succ\u00e8s de cette initiative apr\u00e8s quatre ann\u00e9es de d\u00e9ploiement du syst\u00e8me. \u00ab J&#8217;invite donc les membres de l\u2019\u00e9quipe de gestion \u00e0 \u00eatre assidus et attentifs durant ces dix jours de formation afin de sortir de cet atelier outill\u00e9s et pr\u00eats pour la prise en main totale du syst\u00e8me de contr\u00f4le biom\u00e9trique des \u00e9l\u00e8ves affect\u00e9s par l&#8217;\u00c9tat dans les \u00e9tablissements secondaires priv\u00e9s \u00bb, a-t-elle d\u00e9clar\u00e9.<\/p>\n<p><strong>Olivier Dion avec A. Traor\u00e9<\/strong><\/p>\n","protected":false},"excerpt":{"rendered":"<p>La c\u00e9r\u00e9monie d\u2019ouverture du s\u00e9minaire de formation des membres de l&#8217;\u00e9quipe de gestion pour la prise en main totale du syst\u00e8me de contr\u00f4le biom\u00e9trique des \u00e9l\u00e8ves affect\u00e9s par l&#8217;Etat dans les \u00e9tablissements secondaires priv\u00e9s s\u2019est tenue le lundi 13 janvier 2025 dans un h\u00f4tel de Jacqueville. Cet atelier de formation, qui se d\u00e9roule du 13 [&hellip;]<\/p>\n","protected":false},"author":4,"featured_media":36576,"comment_status":"closed","ping_status":"closed","sticky":false,"template":"","format":"standard","meta":{"_monsterinsights_skip_tracking":false,"_monsterinsights_sitenote_active":false,"_monsterinsights_sitenote_note":"","_monsterinsights_sitenote_category":0,"footnotes":""},"categories":[2,3],"tags":[],"class_list":["post-36575","post","type-post","status-publish","format-standard","has-post-thumbnail","hentry","category-featured","category-societe"],"_links":{"self":[{"href":"https:\/\/www.lintelligentdabidjan.info\/news\/wp-json\/wp\/v2\/posts\/36575","targetHints":{"allow":["GET"]}}],"collection":[{"href":"https:\/\/www.lintelligentdabidjan.info\/news\/wp-json\/wp\/v2\/posts"}],"about":[{"href":"https:\/\/www.lintelligentdabidjan.info\/news\/wp-json\/wp\/v2\/types\/post"}],"author":[{"embeddable":true,"href":"https:\/\/www.lintelligentdabidjan.info\/news\/wp-json\/wp\/v2\/users\/4"}],"replies":[{"embeddable":true,"href":"https:\/\/www.lintelligentdabidjan.info\/news\/wp-json\/wp\/v2\/comments?post=36575"}],"version-history":[{"count":1,"href":"https:\/\/www.lintelligentdabidjan.info\/news\/wp-json\/wp\/v2\/posts\/36575\/revisions"}],"predecessor-version":[{"id":36577,"href":"https:\/\/www.lintelligentdabidjan.info\/news\/wp-json\/wp\/v2\/posts\/36575\/revisions\/36577"}],"wp:featuredmedia":[{"embeddable":true,"href":"https:\/\/www.lintelligentdabidjan.info\/news\/wp-json\/wp\/v2\/media\/36576"}],"wp:attachment":[{"href":"https:\/\/www.lintelligentdabidjan.info\/news\/wp-json\/wp\/v2\/media?parent=36575"}],"wp:term":[{"taxonomy":"category","embeddable":true,"href":"https:\/\/www.lintelligentdabidjan.info\/news\/wp-json\/wp\/v2\/categories?post=36575"},{"taxonomy":"post_tag","embeddable":true,"href":"https:\/\/www.lintelligentdabidjan.info\/news\/wp-json\/wp\/v2\/tags?post=36575"}],"curies":[{"name":"wp","href":"https:\/\/api.w.org\/{rel}","templated":true}]}}