{"id":36578,"date":"2025-01-15T01:56:40","date_gmt":"2025-01-15T00:56:40","guid":{"rendered":"https:\/\/www.lintelligentdabidjan.info\/news\/?p=36578"},"modified":"2025-01-15T01:56:49","modified_gmt":"2025-01-15T00:56:49","slug":"kadhy-sylla-presidente-de-synergie-ado-la-presence-ou-labsence-du-president-laurent-gbagbo-sur-la-liste-electorale-ne-sera-pas-source-de-violence","status":"publish","type":"post","link":"https:\/\/www.lintelligentdabidjan.info\/news\/kadhy-sylla-presidente-de-synergie-ado-la-presence-ou-labsence-du-president-laurent-gbagbo-sur-la-liste-electorale-ne-sera-pas-source-de-violence\/","title":{"rendered":"Kadhy Sylla, pr\u00e9sidente de Synergie ADO : \u00ab La  pr\u00e9sence ou l&#8217;absence du Pr\u00e9sident Laurent GBAGBO sur la liste \u00e9lectorale ne sera pas source de violence \u00bb"},"content":{"rendered":"<p><em><strong>Dans un contexte politique en pleine effervescence en C\u00f4te d&#8217;Ivoire, Synergie ADO, un mouvement 100 % f\u00e9minin, se positionne comme un acteur cl\u00e9 de la promotion des actions du pr\u00e9sident Alassane Ouattara. Avec plus de 20 000 membres \u00e0 travers le pays, ce mouvement de terrain vise \u00e0 renforcer la proximit\u00e9 entre les militants du RHDP et les populations ivoiriennes. Dans cette interview, la pr\u00e9sidente nationale, Kadhy Sylla, \u00e9voque notamment son mouvement, l\u2019\u00e9lection pr\u00e9sidentielle et l\u2019inscription de Laurent Gbagbo sur la liste \u00e9lectorale   <\/strong><\/em><\/p>\n<p><strong>Qu&#8217;est-ce qui a motiv\u00e9 la cr\u00e9ation de ce mouvement politique et quels sont ses principaux objectifs ?<\/strong><\/p>\n<p>Apr\u00e8s l\u2019\u00e9lan de d\u00e9veloppement observ\u00e9 d\u00e8s son arriv\u00e9e au pouvoir par le lancement des grands travaux infrastructurelles, le lancement des nombreuses r\u00e9formes pour l\u2019am\u00e9lioration des conditions de vie de ces compatriotes, et son combat pour le repositionnement de l\u2019image de notre pays \u00e0 l\u2019international nous avons estim\u00e9 qu\u2019au-del\u00e0 de notre militantisme il \u00e9tait important d\u2019accompagner les actions du Pr\u00e9sident de la R\u00e9publique et du Gouvernement en se positionnant comme le prolongement de ses actions par leur vulgarisation et promotion aupr\u00e8s des populations.<\/p>\n<p>Synergie ADO est un mouvement politique 100 % f\u00e9minin, cr\u00e9\u00e9 en 2015 au lendemain de la r\u00e9\u00e9lection du Pr\u00e9sident <\/p>\n<p><strong>Quel bilan pouvez-vous dresser de l&#8217;\u00e9volution de Synergie Ado ?<\/strong><\/p>\n<p>Depuis sa cr\u00e9ation, nous avons atteint nos objectifs de proximit\u00e9 avec les populations et les militants de base. Toute chose qui s\u2019est manifest\u00e9 \u00e0 travers de nombreuses actions sociales et politiques que nous men\u00e9 aux c\u00f4t\u00e9s des populations et aussi pour l\u2019autonomisation des femmes.<\/p>\n<p>A ce jour Synergie ADO revendique plusieurs milliers de membres, avec un peu plus de 24 780 membres r\u00e9partis sur le territoire national. Notre strat\u00e9gie d&#8217;impl\u00e9mentation repose sur le contact direct. Souvent, certaines localit\u00e9s nous sollicitent pour que Synergie ADO s\u2019y installe et travaille avec nous. Ce sont nos actions qui parlent pour nous. Le bouche \u00e0 oreille a tr\u00e8s bien fonctionn\u00e9 avec Synergie ADO. En termes de bilan, nous avons un bilan tr\u00e8s satisfaisant, ce qui explique pourquoi, nous avons toujours conserv\u00e9 le nom Synergie ADO.<\/p>\n<p><strong>Quel a \u00e9t\u00e9 votre r\u00f4le dans la r\u00e9ussite du processus de la r\u00e9vision de la liste \u00e9lectorale ?<\/strong><\/p>\n<p>La r\u00e9vision de la liste \u00e9lectorale \u00e9tait importante pour nous, car il s&#8217;agissait d&#8217;encourager les nouveaux majeurs et les primo-votants \u00e0 s&#8217;inscrire. Nous avons encourag\u00e9 ceux qui ont chang\u00e9 de domicile ou de bureau de vote \u00e0 se r\u00e9inscrire. Nous pr\u00e9parons une \u00e9lection pr\u00e9sidentielle, pas des \u00e9lections municipales ou l\u00e9gislatives. Il \u00e9tait donc essentiel que chaque militant soit inscrit sur la liste \u00e9lectorale pour favoriser la victoire de notre candidat. Nos \u00e9quipes ont beaucoup travaill\u00e9 sur le terrain et nous avons pu enregistrer plus de 8698 personnes \u00e0 travers nos diff\u00e9rentes coordinations sur toute l\u2019\u00e9tendue du territoire. On ne change pas une \u00e9quipe qui gagne. Nous allons continuer nos actions et nous rapprocher encore plus des populations. Nous fournirons la bonne information aux Ivoiriens pour  leur donner les arguments afin de faire le meilleur choix au moment opportun. En r\u00e9sum\u00e9, nous serons encore plus pr\u00e9sents sur le terrain.<\/p>\n<p><strong>Pensez-vous que les actions men\u00e9es par le pr\u00e9sident Alassane Ouattara sont assez suffisantes pour conqu\u00e9rir le c\u0153ur des \u00e9lecteurs ?<\/strong><\/p>\n<p>Parler du Grand Homme qu\u2019est le pr\u00e9sident Alassane Ouattara est un honneur pour moi, car ses r\u00e9alisations parlent d&#8217;elles-m\u00eames. \u00c9voquer un homme comme le pr\u00e9sident Ouattara nous met en confiance. Aujourd&#8217;hui, l&#8217;am\u00e9lioration du cadre de vie des Ivoiriens est manifeste, avec l&#8217;\u00e9mergence d&#8217;une classe \u00e9conomique moyenne. Les conditions de vie des fonctionnaires se sont am\u00e9lior\u00e9es avec l\u2019augmentation du SMIG et l\u2019instauration du 13eme mois (prime ADO). Les Fonds d\u2019Appui aux Femmes de C\u00f4te d\u2019Ivoire (Fafci) sont mis \u00e0 disposition des femmes par Madame la Premi\u00e8re Dame. Des centres de sant\u00e9 \u00e9mergent partout, l&#8217;\u00e9lectricit\u00e9 est disponible dans les villages m\u00eame les plus recul\u00e9s, et des chantiers de construction et de bitumage sont actifs sur l&#8217;ensemble du territoire. En revenant en C\u00f4te d&#8217;Ivoire apr\u00e8s quelques mois, on se rend compte que tout le pays est en chantier, et toutes les r\u00e9gions en b\u00e9n\u00e9ficient. Nous aborderons ces r\u00e9alisations plus en d\u00e9tail en temps voulu.<\/p>\n<p>Depuis son arriv\u00e9e au pouvoir en 2011 le Pr\u00e9sident  Alassane OUATTARA ne nous a jamais d\u00e9\u00e7u<\/p>\n<p><strong>Quelle est votre opinion sur l&#8217;absence de Laurent Gbagbo, ancien pr\u00e9sident de C\u00f4te d&#8217;Ivoire, sur la liste \u00e9lectorale ?<\/strong><\/p>\n<p>Concernant l&#8217;absence du Pr\u00e9sident Laurent Gbagbo sur la liste \u00e9lectorale, comme tous nos concitoyens nous l\u2019avons constat\u00e9, mais il faut d\u00e9j\u00e0 rappeler que l\u2019ex pr\u00e9sident n\u2019est pas le seul dans ce cas.<\/p>\n<p>Il faut faire confiance \u00e0 nos institutions, d\u2019autres voies de recours sont encore possibles notamment la p\u00e9riode des contentieux qui s\u2019ouvrira apr\u00e8s.<\/p>\n<p>Il est tout aussi important de rappeler que la force n\u2019a jamais \u00e9t\u00e9 un outil viable pour r\u00e9soudre des diff\u00e9rends.  Je reste convaincu que la pr\u00e9sence ou l&#8217;absence du Pr\u00e9sident Laurent GBAGBO sur la liste \u00e9lectorale ne sera pas source de violence en C\u00f4te d\u2019Ivoire.<\/p>\n<p>Notre pays a travers\u00e9 des jours sombres, et nous ne voulons pas retomber dans des travers. Je ne crois pas que cette situation puisse entacher le bon d\u00e9roulement de l\u2019\u00e9lection pr\u00e9sidentielle, car l&#8217;Ivoirien d&#8217;aujourd&#8217;hui sait d&#8217;o\u00f9 il vient et o\u00f9 il veut aller. Nous ne mettrons pas en p\u00e9ril tout ce que nous avons accompli en C\u00f4te d\u2019Ivoire pour la pr\u00e9sence ou non d&#8217;un candidat sur la liste \u00e9lectorale. C\u2019est la C\u00f4te d&#8217;Ivoire d&#8217;abord, l&#8217;individu ensuite.<\/p>\n<p><strong>Comment percevez-vous la candidature d&#8217;Alassane Ouattara pour un nouveau mandat ?<\/strong><\/p>\n<p>Le Pr\u00e9sident Ouattara est notre candidat, et nous soutenons fermement sa candidature. Depuis Son accession \u00e0 la magistrature supr\u00eame en 2011 son Excellence Alassane Ouattara a incarn\u00e9 une gouvernance visionnaire et pragmatique, orient\u00e9e vers des r\u00e9sultats concrets au service du d\u00e9veloppement de la C\u00f4te d\u2019Ivoire. Sous son leadership, notre pays a connu des avanc\u00e9es majeures dans les domaines des infrastructures, de l\u2019\u00e9ducation, de la sant\u00e9, de la s\u00e9curit\u00e9 et de l&#8217;\u00e9conomie, tout en renfor\u00e7ant sa stabilit\u00e9 et son rayonnement sur la sc\u00e8ne internationale.<\/p>\n<p>C&#8217;est Ado que nous voulons. Ado, un jour. Ado, toujours. Sa candidature \u00e0 l\u2019\u00e9lection pr\u00e9sidentielle de 2025 repr\u00e9sente le deuxi\u00e8me mandat de la troisi\u00e8me R\u00e9publique et est non n\u00e9gociable<\/p>\n<p>M\u00eame si Ado ne veut pas, nous, nous voulons. La population ivoirienne le veut, les Ivoiriens souhaitent sa candidature pour parachever son \u0153uvre. <\/p>\n<p><strong>Craignez-vous que l&#8217;opposition, unie, puisse menacer la position du Rhdp en 2025 ?<\/strong><\/p>\n<p>Si l\u2019opposition est unie, c\u2019est \u00e0 leur avantage et c\u2019est de bonne guerre pour la vitalit\u00e9 politique de notre Pays.<\/p>\n<p>Aux vues des derni\u00e8res \u00e9lections territoriales,  les Ivoiriens dans leur enti\u00e8ret\u00e9 ont t\u00e9moign\u00e9 leur attachement aux valeurs pr\u00f4n\u00e9s par son Excellence Alassane OUATTARA en permettant \u00e0 son parti le RHDP de remporter ces \u00e9lections avec une large majorit\u00e9<\/p>\n<p>L\u2019opposition agit comme elle le peut, pour exister et nous savons ce que nous devons faire pour conserver le pouvoir. Chaque Ivoirien, chaque militant du Rhdp est automatiquement directeur de campagne d&#8217;Alassane Ouattara.<\/p>\n<p><strong>Votre mot de fin ?<\/strong><\/p>\n<p>Mon mot de fin, c\u2019est d\u2019inviter tous les cadres et militants du Rhdp \u00e0 s\u2019unir pour offrir une victoire \u00e9crasante qui ne souffre d\u2019aucune contestation au soir d\u2019octobre 2025 en guise de pr\u00e9sent au Pr\u00e9sident Alassane Ouattara pour tous ses sacrifices pour l\u2019av\u00e8nement d\u2019une C\u00f4te d\u2019Ivoire d\u00e9mocratique, d\u00e9velopp\u00e9e unie prosp\u00e8re et solidaire. Ce sera notre mani\u00e8re \u00e0 nous de dire infiniment merci pour son engagement au d\u00e9veloppement de la C\u00f4te d\u2019Ivoire.<\/p>\n<p>Quant \u00e0 la m\u00e9thodologie que nous allons adopter, vous le saurez tr\u00e8s bient\u00f4t. J&#8217;invite les Ivoiriens \u00e0 s&#8217;unir et \u00e0 rester solidaires autour de la candidature de notre chef, notre boussole, notre f\u00e9tiche, le pr\u00e9sident Alassane Ouattara.<\/p>\n<p><strong>Tour\u00e9 Abdoulaye avec A Traor\u00e9<\/strong><\/p>\n","protected":false},"excerpt":{"rendered":"<p>Dans un contexte politique en pleine effervescence en C\u00f4te d&#8217;Ivoire, Synergie ADO, un mouvement 100 % f\u00e9minin, se positionne comme un acteur cl\u00e9 de la promotion des actions du pr\u00e9sident Alassane Ouattara. Avec plus de 20 000 membres \u00e0 travers le pays, ce mouvement de terrain vise \u00e0 renforcer la proximit\u00e9 entre les militants du [&hellip;]<\/p>\n","protected":false},"author":4,"featured_media":36579,"comment_status":"closed","ping_status":"closed","sticky":false,"template":"","format":"standard","meta":{"_monsterinsights_skip_tracking":false,"_monsterinsights_sitenote_active":false,"_monsterinsights_sitenote_note":"","_monsterinsights_sitenote_category":0,"footnotes":""},"categories":[2,17],"tags":[],"class_list":["post-36578","post","type-post","status-publish","format-standard","has-post-thumbnail","hentry","category-featured","category-politique"],"_links":{"self":[{"href":"https:\/\/www.lintelligentdabidjan.info\/news\/wp-json\/wp\/v2\/posts\/36578","targetHints":{"allow":["GET"]}}],"collection":[{"href":"https:\/\/www.lintelligentdabidjan.info\/news\/wp-json\/wp\/v2\/posts"}],"about":[{"href":"https:\/\/www.lintelligentdabidjan.info\/news\/wp-json\/wp\/v2\/types\/post"}],"author":[{"embeddable":true,"href":"https:\/\/www.lintelligentdabidjan.info\/news\/wp-json\/wp\/v2\/users\/4"}],"replies":[{"embeddable":true,"href":"https:\/\/www.lintelligentdabidjan.info\/news\/wp-json\/wp\/v2\/comments?post=36578"}],"version-history":[{"count":1,"href":"https:\/\/www.lintelligentdabidjan.info\/news\/wp-json\/wp\/v2\/posts\/36578\/revisions"}],"predecessor-version":[{"id":36580,"href":"https:\/\/www.lintelligentdabidjan.info\/news\/wp-json\/wp\/v2\/posts\/36578\/revisions\/36580"}],"wp:featuredmedia":[{"embeddable":true,"href":"https:\/\/www.lintelligentdabidjan.info\/news\/wp-json\/wp\/v2\/media\/36579"}],"wp:attachment":[{"href":"https:\/\/www.lintelligentdabidjan.info\/news\/wp-json\/wp\/v2\/media?parent=36578"}],"wp:term":[{"taxonomy":"category","embeddable":true,"href":"https:\/\/www.lintelligentdabidjan.info\/news\/wp-json\/wp\/v2\/categories?post=36578"},{"taxonomy":"post_tag","embeddable":true,"href":"https:\/\/www.lintelligentdabidjan.info\/news\/wp-json\/wp\/v2\/tags?post=36578"}],"curies":[{"name":"wp","href":"https:\/\/api.w.org\/{rel}","templated":true}]}}