{"id":36591,"date":"2025-01-16T04:40:38","date_gmt":"2025-01-16T03:40:38","guid":{"rendered":"https:\/\/www.lintelligentdabidjan.info\/news\/?p=36591"},"modified":"2025-01-16T04:40:43","modified_gmt":"2025-01-16T03:40:43","slug":"presidentielle-2025-myss-belmonde-et-frederic-konan-appellent-a-une-election-apaisee","status":"publish","type":"post","link":"https:\/\/www.lintelligentdabidjan.info\/news\/presidentielle-2025-myss-belmonde-et-frederic-konan-appellent-a-une-election-apaisee\/","title":{"rendered":"Pr\u00e9sidentielle 2025- Myss Belmonde et Fr\u00e9d\u00e9ric Konan appellent \u00e0 une \u00e9lection apais\u00e9e"},"content":{"rendered":"<p><em><strong>\u00c0 l\u2019occasion de la c\u00e9l\u00e9bration de l\u2019Homme de l\u2019ann\u00e9e  le mardi 14 janvier 2025 dans les jardins de la F\u00e9d\u00e9ration Ivoirienne de Football d&#8217;Abidjan-Treichville, Myss Belmonde Dogo, ministre de la Coh\u00e9sion nationale, de la Solidarit\u00e9 et de la Lutte contre la pauvret\u00e9 et Fr\u00e9d\u00e9ric Konan,  pr\u00e9sident de l\u2019Ong Balle \u00e0 terre, ont appel\u00e9 \u00e0 un engagement collectif pour construire une C\u00f4te d&#8217;Ivoire unie, o\u00f9 chaque voix compte et o\u00f9 l&#8217;amour et la coh\u00e9sion guident les actions pour le d\u00e9veloppement national.<\/strong><\/em><\/p>\n<p>Myss Belmonde Dogo, ministre de la Coh\u00e9sion nationale, de la Solidarit\u00e9 et de la Lutte contre la pauvret\u00e9, a insist\u00e9 sur le fait que le succ\u00e8s des \u00e9lections \u00e0 venir est important pour la paix en C\u00f4te d\u2019Ivoire. \u00ab Ce qui doit primer, c\u2019est l\u2019amour, c\u2019est l\u2019esprit d\u2019\u00e9quipe, la coh\u00e9sion nationale au sein du groupe. Et nous esp\u00e9rons de tout c\u0153ur que la C\u00f4te d\u2019Ivoire  remporte d\u2019abord  la Can des \u00e9lections parce que sans une \u00e9lection apais\u00e9e, il n\u2019y aura plus de football. Un pays en guerre ne joue pas au football \u00bb, a-t-elle affirm\u00e9, appelant le monde sportif \u00e0 \u00eatre un vecteur de paix et de coh\u00e9sion pour le bon d\u00e9roulement de l\u2019\u00e9lection pr\u00e9sidentielle en C\u00f4te d\u2019Ivoire.  \u00ab Nous irons au Maroc apr\u00e8s l\u2019\u00e9lection et reviendrons avec une autre coupe \u00bb, a ajout\u00e9 Myss Belmonde.<\/p>\n<p>Pour sa part, Fr\u00e9d\u00e9ric Konan, pr\u00e9sident de l\u2019Ong Balle \u00e0 Terre, a affirm\u00e9 l&#8217;importance de l&#8217;excellence et de l&#8217;unit\u00e9 dans la qu\u00eate d&#8217;un avenir meilleur pour la C\u00f4te d&#8217;Ivoire. \u00c0 l&#8217;heure o\u00f9 les d\u00e9fis se multiplient, il a appel\u00e9 \u00e0 la r\u00e9silience et \u00e0 l&#8217;ambition collective pour b\u00e2tir une nation fraternelle et prosp\u00e8re. \u00ab L\u2019Ong Balle \u00e0 Terre reste engag\u00e9e dans cette dynamique, \u0153uvrant pour une C\u00f4te d\u2019Ivoire solidaire. Nous invitons chacun \u00e0 s\u2019impliquer activement, car c\u2019est ensemble, dans la tol\u00e9rance et la coh\u00e9sion, que nous construirons un futur radieux \u00bb, a-t-il d\u00e9clar\u00e9. Dans cette optique, il a pr\u00e9cis\u00e9 que Balle \u00e0 Terre s\u2019appr\u00eate \u00e0 lancer un \u00e9v\u00e9nement marquant : \u00ab La C\u00f4te d\u2019Ivoire en Un \u00bb. Selon lui, cette rencontre de coh\u00e9sion nationale r\u00e9unira tous les acteurs politiques pour discuter de l&#8217;unit\u00e9, de la paix et du d\u00e9veloppement. \u00ab Nous croyons que cet \u00e9v\u00e9nement sera le meilleur catalyseur pour des \u00e9lections pr\u00e9sidentielles apais\u00e9es. \u00c0 travers nos actions, nous souhaitons contribuer \u00e0 construire une soci\u00e9t\u00e9 plus inclusive, o\u00f9 chaque citoyen trouve sa place \u00bb, a ajout\u00e9 Konan.<\/p>\n<p><strong>Mamadou Ouattara avec A. Traor\u00e9<\/strong><\/p>\n","protected":false},"excerpt":{"rendered":"<p>\u00c0 l\u2019occasion de la c\u00e9l\u00e9bration de l\u2019Homme de l\u2019ann\u00e9e le mardi 14 janvier 2025 dans les jardins de la F\u00e9d\u00e9ration Ivoirienne de Football d&#8217;Abidjan-Treichville, Myss Belmonde Dogo, ministre de la Coh\u00e9sion nationale, de la Solidarit\u00e9 et de la Lutte contre la pauvret\u00e9 et Fr\u00e9d\u00e9ric Konan, pr\u00e9sident de l\u2019Ong Balle \u00e0 terre, ont appel\u00e9 \u00e0 un [&hellip;]<\/p>\n","protected":false},"author":4,"featured_media":36592,"comment_status":"closed","ping_status":"closed","sticky":false,"template":"","format":"standard","meta":{"_monsterinsights_skip_tracking":false,"_monsterinsights_sitenote_active":false,"_monsterinsights_sitenote_note":"","_monsterinsights_sitenote_category":0,"footnotes":""},"categories":[2,17],"tags":[636,4533,4532,1621],"class_list":["post-36591","post","type-post","status-publish","format-standard","has-post-thumbnail","hentry","category-featured","category-politique","tag-election","tag-frederic-konan","tag-myss-belmonde","tag-presidentielle-2025"],"_links":{"self":[{"href":"https:\/\/www.lintelligentdabidjan.info\/news\/wp-json\/wp\/v2\/posts\/36591","targetHints":{"allow":["GET"]}}],"collection":[{"href":"https:\/\/www.lintelligentdabidjan.info\/news\/wp-json\/wp\/v2\/posts"}],"about":[{"href":"https:\/\/www.lintelligentdabidjan.info\/news\/wp-json\/wp\/v2\/types\/post"}],"author":[{"embeddable":true,"href":"https:\/\/www.lintelligentdabidjan.info\/news\/wp-json\/wp\/v2\/users\/4"}],"replies":[{"embeddable":true,"href":"https:\/\/www.lintelligentdabidjan.info\/news\/wp-json\/wp\/v2\/comments?post=36591"}],"version-history":[{"count":1,"href":"https:\/\/www.lintelligentdabidjan.info\/news\/wp-json\/wp\/v2\/posts\/36591\/revisions"}],"predecessor-version":[{"id":36593,"href":"https:\/\/www.lintelligentdabidjan.info\/news\/wp-json\/wp\/v2\/posts\/36591\/revisions\/36593"}],"wp:featuredmedia":[{"embeddable":true,"href":"https:\/\/www.lintelligentdabidjan.info\/news\/wp-json\/wp\/v2\/media\/36592"}],"wp:attachment":[{"href":"https:\/\/www.lintelligentdabidjan.info\/news\/wp-json\/wp\/v2\/media?parent=36591"}],"wp:term":[{"taxonomy":"category","embeddable":true,"href":"https:\/\/www.lintelligentdabidjan.info\/news\/wp-json\/wp\/v2\/categories?post=36591"},{"taxonomy":"post_tag","embeddable":true,"href":"https:\/\/www.lintelligentdabidjan.info\/news\/wp-json\/wp\/v2\/tags?post=36591"}],"curies":[{"name":"wp","href":"https:\/\/api.w.org\/{rel}","templated":true}]}}