{"id":36594,"date":"2025-01-16T04:45:00","date_gmt":"2025-01-16T03:45:00","guid":{"rendered":"https:\/\/www.lintelligentdabidjan.info\/news\/?p=36594"},"modified":"2025-01-16T04:45:04","modified_gmt":"2025-01-16T03:45:04","slug":"lintelligent-en-pdf-face-a-la-presse-hier-amadou-coulibaly-explique-larrestation-de-livoiro-burkinabe-alino-faso","status":"publish","type":"post","link":"https:\/\/www.lintelligentdabidjan.info\/news\/lintelligent-en-pdf-face-a-la-presse-hier-amadou-coulibaly-explique-larrestation-de-livoiro-burkinabe-alino-faso\/","title":{"rendered":"L&#8217;Intelligent en PDF:   Face \u00e0 la presse, hier  Amadou Coulibaly explique l&#8217;arrestation de l&#8217;ivoiro-burkinab\u00e8 Alino Faso"},"content":{"rendered":"<p><strong>Lors d&#8217;un point de presse apr\u00e8s le Conseil des ministres hier, le porte-parole du gouvernement le ministre Amadou Coulibaly a expliqu\u00e9 l&#8217;arrestation de l&#8217;ivoiro-burkinab\u00e8 Alino Faso. Qu&#8217;est ce que Amadou Coulibaly a dit? <\/strong><\/p>\n<p>Article \u00e0 d\u00e9couvrir en ligne sur&#8230;<\/p>\n<p><a href=\"https:\/\/news.abidjan.net\/titrologie\/39-lintelligent-dabidjan\/articles\" target=\"_blank\">https:\/\/news.abidjan.net\/titrologie\/39-lintelligent-dabidjan\/articles<\/a><\/p>\n<p>\u00c0 lire aussi le lancement annonc\u00e9 du PNSAR 2025, Ce que le FMI pense de la strat\u00e9gie ivoirienne au niveau de la r\u00e9silience au changement climatique, l&#8217;audience accord\u00e9e par le pr\u00e9sident de la R\u00e9publique \u00e0 un Envoy\u00e9 sp\u00e9cial de l&#8217;Alg\u00e9rie.<\/p>\n<p>Cliquez pour les d\u00e9tails<\/p>\n<p><a href=\"https:\/\/www.afrikipresse.fr\/abonnement\" target=\"_blank\">https:\/\/www.afrikipresse.fr\/abonnement<\/a><\/p>\n<p>\u00c0 voir \u00e9galement Mme Amy POPE re\u00e7ue par Ti\u00e9moko Meyliet KON\u00c9 et pourquoi les engins \u00e0 2 et 3 roues sont interdits \u00e0 l&#8217; Ex boulevard VGE.<\/p>\n<p><a href=\"https:\/\/www.pressecotedivoire.ci\/titrologie\" target=\"_blank\">https:\/\/www.pressecotedivoire.ci\/titrologie<\/a><\/p>\n","protected":false},"excerpt":{"rendered":"<p>Lors d&#8217;un point de presse apr\u00e8s le Conseil des ministres hier, le porte-parole du gouvernement le ministre Amadou Coulibaly a expliqu\u00e9 l&#8217;arrestation de l&#8217;ivoiro-burkinab\u00e8 Alino Faso. Qu&#8217;est ce que Amadou Coulibaly a dit? Article \u00e0 d\u00e9couvrir en ligne sur&#8230; https:\/\/news.abidjan.net\/titrologie\/39-lintelligent-dabidjan\/articles \u00c0 lire aussi le lancement annonc\u00e9 du PNSAR 2025, Ce que le FMI pense de [&hellip;]<\/p>\n","protected":false},"author":4,"featured_media":36595,"comment_status":"closed","ping_status":"closed","sticky":false,"template":"","format":"standard","meta":{"_monsterinsights_skip_tracking":false,"_monsterinsights_sitenote_active":false,"_monsterinsights_sitenote_note":"","_monsterinsights_sitenote_category":0,"footnotes":""},"categories":[2,3],"tags":[],"class_list":["post-36594","post","type-post","status-publish","format-standard","has-post-thumbnail","hentry","category-featured","category-societe"],"_links":{"self":[{"href":"https:\/\/www.lintelligentdabidjan.info\/news\/wp-json\/wp\/v2\/posts\/36594","targetHints":{"allow":["GET"]}}],"collection":[{"href":"https:\/\/www.lintelligentdabidjan.info\/news\/wp-json\/wp\/v2\/posts"}],"about":[{"href":"https:\/\/www.lintelligentdabidjan.info\/news\/wp-json\/wp\/v2\/types\/post"}],"author":[{"embeddable":true,"href":"https:\/\/www.lintelligentdabidjan.info\/news\/wp-json\/wp\/v2\/users\/4"}],"replies":[{"embeddable":true,"href":"https:\/\/www.lintelligentdabidjan.info\/news\/wp-json\/wp\/v2\/comments?post=36594"}],"version-history":[{"count":1,"href":"https:\/\/www.lintelligentdabidjan.info\/news\/wp-json\/wp\/v2\/posts\/36594\/revisions"}],"predecessor-version":[{"id":36596,"href":"https:\/\/www.lintelligentdabidjan.info\/news\/wp-json\/wp\/v2\/posts\/36594\/revisions\/36596"}],"wp:featuredmedia":[{"embeddable":true,"href":"https:\/\/www.lintelligentdabidjan.info\/news\/wp-json\/wp\/v2\/media\/36595"}],"wp:attachment":[{"href":"https:\/\/www.lintelligentdabidjan.info\/news\/wp-json\/wp\/v2\/media?parent=36594"}],"wp:term":[{"taxonomy":"category","embeddable":true,"href":"https:\/\/www.lintelligentdabidjan.info\/news\/wp-json\/wp\/v2\/categories?post=36594"},{"taxonomy":"post_tag","embeddable":true,"href":"https:\/\/www.lintelligentdabidjan.info\/news\/wp-json\/wp\/v2\/tags?post=36594"}],"curies":[{"name":"wp","href":"https:\/\/api.w.org\/{rel}","templated":true}]}}