{"id":36600,"date":"2025-01-17T02:02:45","date_gmt":"2025-01-17T01:02:45","guid":{"rendered":"https:\/\/www.lintelligentdabidjan.info\/news\/?p=36600"},"modified":"2025-01-23T14:19:53","modified_gmt":"2025-01-23T13:19:53","slug":"soutien-au-president-ouattara-a-la-presidentielle-2025-lalliance-rhdp-des-transporteurs-et-conducteurs-routiers-lance-sa-caravane","status":"publish","type":"post","link":"https:\/\/www.lintelligentdabidjan.info\/news\/soutien-au-president-ouattara-a-la-presidentielle-2025-lalliance-rhdp-des-transporteurs-et-conducteurs-routiers-lance-sa-caravane\/","title":{"rendered":"Soutien au pr\u00e9sident Ouattara \u00e0 la pr\u00e9sidentielle 2025-     L&#8217;Alliance RHDP des transporteurs et conducteurs routiers lance sa caravane"},"content":{"rendered":"<p><em><strong>Le jeudi 16 janvier 2025, l&#8217;Alliance RHDP des transporteurs et conducteurs routiers a officiellement lanc\u00e9 sa caravane de soutien et de mobilisation en faveur du pr\u00e9sident Alassane Ouattara, en vue de l&#8217;\u00e9lection pr\u00e9sidentielle d&#8217;octobre 2025. La c\u00e9r\u00e9monie s&#8217;est tenue \u00e0 Grand-Bassam, symboliquement choisie pour cette premi\u00e8re \u00e9tape, et a r\u00e9uni de nombreux acteurs du secteur des transports ainsi que des personnalit\u00e9s politiques et des cadres du RHDP.<\/strong><\/em><\/p>\n<p>Lors de la c\u00e9r\u00e9monie, Kon\u00e9 Moussa Seydou, 2e vice-pr\u00e9sident du Conseil r\u00e9gional du Sud-Como\u00e9, repr\u00e9sentant Aka Aou\u00e9l\u00e9, pr\u00e9sident du Conseil r\u00e9gional du Sud-Como\u00e9, a salu\u00e9 l&#8217;engagement du pr\u00e9sident Ouattara pour le secteur des transports, soulignant que gr\u00e2ce \u00e0 ses politiques, les transporteurs et conducteurs routiers b\u00e9n\u00e9ficient d\u00e9sormais de meilleures conditions de travail, notamment avec des infrastructures modernis\u00e9es et une r\u00e9duction des tracasseries routi\u00e8res. Il a \u00e9galement insist\u00e9 sur l\u2019importance de continuer \u00e0 soutenir la dynamique du d\u00e9veloppement men\u00e9e par le pr\u00e9sident en vue de faire de la C\u00f4te d&#8217;Ivoire un pays \u00e9mergent.<\/p>\n<p>Le maire de Grand-Bassam, Jean-Louis Moulot, parrain de la c\u00e9r\u00e9monie, a quant \u00e0 lui mis en lumi\u00e8re la vision du pr\u00e9sident Ouattara, qualifiant cette initiative comme un hommage aux nombreuses r\u00e9alisations du chef de l\u2019\u00c9tat. Il a \u00e9voqu\u00e9 les avanc\u00e9es notables dans le pays, notamment en mati\u00e8re de d\u00e9veloppement des infrastructures, de paix et de stabilit\u00e9, des valeurs qui, selon lui, symbolisent la C\u00f4te d&#8217;Ivoire victorieuse. \u00ab Le pr\u00e9sident Alassane Ouattara incarne la C\u00f4te d&#8217;Ivoire qui gagne \u00bb, a d\u00e9clar\u00e9 le maire, ajoutant que la ville de Grand-Bassam est fi\u00e8re de participer \u00e0 cet \u00e9lan de soutien.<\/p>\n<p>Ibrahim Diaby, coordinateur national de l&#8217;Alliance RHDP des transporteurs et conducteurs routiers, a rappel\u00e9 que le secteur des transports, essentiel \u00e0 la croissance \u00e9conomique du pays, se porte bien gr\u00e2ce aux actions du pr\u00e9sident Alassane Ouattara. Il a soulign\u00e9 que les transporteurs ivoiriens sont d\u00e9sormais parmi les plus heureux de la sous-r\u00e9gion ouest-africaine gr\u00e2ce aux efforts du gouvernement pour am\u00e9liorer les infrastructures et professionnaliser le secteur. \u00ab Nous avons d\u00e9cid\u00e9, depuis 10 ans, d\u2019accompagner cet \u00e9lan de d\u00e9veloppement et de continuer \u00e0 soutenir la vision du pr\u00e9sident \u00bb, a-t-il affirm\u00e9. Kassi Kouaho, porte-parole des transporteurs du Sud-Como\u00e9, a \u00e9galement r\u00e9affirm\u00e9 le soutien in\u00e9branlable du secteur des transports \u00e0 Alassane Ouattara. \u00ab Nous ne sommes pas diff\u00e9rents des autres citoyens ivoiriens. Nous avons le droit de soutenir celui qui, aujourd&#8217;hui, a fait beaucoup pour la C\u00f4te d&#8217;Ivoire \u00bb, a-t-il d\u00e9clar\u00e9, soulignant que les transporteurs joueront un r\u00f4le important dans la campagne de r\u00e9\u00e9lection du pr\u00e9sident.<\/p>\n<p>L\u2019\u00e9v\u00e9nement a aussi vu la participation de plusieurs personnalit\u00e9s du RHDP, notamment Oumar Sacko, directeur g\u00e9n\u00e9ral des transports terrestres, et l\u2019honorable Brou Kacou, secr\u00e9taire national du RHDP en charge des organisations socio-professionnelles, des patronats et des syndicats, ainsi que des d\u00e9l\u00e9gations venues de diverses communes d\u2019Abidjan et des villes du Sud-Como\u00e9. \u00c0 l\u2019issue de la c\u00e9r\u00e9monie, les transporteurs se sont engag\u00e9s \u00e0 rester unis et \u00e0 mener une campagne active pour la r\u00e9\u00e9lection du pr\u00e9sident Ouattara, convaincus que son leadership continuera \u00e0 guider la C\u00f4te d&#8217;Ivoire vers de nouveaux sommets de d\u00e9veloppement.<\/p>\n<p><strong>Mamadou Ouattara avec Ly Abdul<\/strong><\/p>\n","protected":false},"excerpt":{"rendered":"<p>Le jeudi 16 janvier 2025, l&#8217;Alliance RHDP des transporteurs et conducteurs routiers a officiellement lanc\u00e9 sa caravane de soutien et de mobilisation en faveur du pr\u00e9sident Alassane Ouattara, en vue de l&#8217;\u00e9lection pr\u00e9sidentielle d&#8217;octobre 2025. La c\u00e9r\u00e9monie s&#8217;est tenue \u00e0 Grand-Bassam, symboliquement choisie pour cette premi\u00e8re \u00e9tape, et a r\u00e9uni de nombreux acteurs du secteur [&hellip;]<\/p>\n","protected":false},"author":4,"featured_media":36700,"comment_status":"closed","ping_status":"closed","sticky":false,"template":"","format":"standard","meta":{"_monsterinsights_skip_tracking":false,"_monsterinsights_sitenote_active":false,"_monsterinsights_sitenote_note":"","_monsterinsights_sitenote_category":0,"footnotes":""},"categories":[2,17],"tags":[],"class_list":["post-36600","post","type-post","status-publish","format-standard","has-post-thumbnail","hentry","category-featured","category-politique"],"_links":{"self":[{"href":"https:\/\/www.lintelligentdabidjan.info\/news\/wp-json\/wp\/v2\/posts\/36600","targetHints":{"allow":["GET"]}}],"collection":[{"href":"https:\/\/www.lintelligentdabidjan.info\/news\/wp-json\/wp\/v2\/posts"}],"about":[{"href":"https:\/\/www.lintelligentdabidjan.info\/news\/wp-json\/wp\/v2\/types\/post"}],"author":[{"embeddable":true,"href":"https:\/\/www.lintelligentdabidjan.info\/news\/wp-json\/wp\/v2\/users\/4"}],"replies":[{"embeddable":true,"href":"https:\/\/www.lintelligentdabidjan.info\/news\/wp-json\/wp\/v2\/comments?post=36600"}],"version-history":[{"count":2,"href":"https:\/\/www.lintelligentdabidjan.info\/news\/wp-json\/wp\/v2\/posts\/36600\/revisions"}],"predecessor-version":[{"id":36701,"href":"https:\/\/www.lintelligentdabidjan.info\/news\/wp-json\/wp\/v2\/posts\/36600\/revisions\/36701"}],"wp:featuredmedia":[{"embeddable":true,"href":"https:\/\/www.lintelligentdabidjan.info\/news\/wp-json\/wp\/v2\/media\/36700"}],"wp:attachment":[{"href":"https:\/\/www.lintelligentdabidjan.info\/news\/wp-json\/wp\/v2\/media?parent=36600"}],"wp:term":[{"taxonomy":"category","embeddable":true,"href":"https:\/\/www.lintelligentdabidjan.info\/news\/wp-json\/wp\/v2\/categories?post=36600"},{"taxonomy":"post_tag","embeddable":true,"href":"https:\/\/www.lintelligentdabidjan.info\/news\/wp-json\/wp\/v2\/tags?post=36600"}],"curies":[{"name":"wp","href":"https:\/\/api.w.org\/{rel}","templated":true}]}}