{"id":36620,"date":"2025-01-20T01:06:42","date_gmt":"2025-01-20T00:06:42","guid":{"rendered":"https:\/\/www.lintelligentdabidjan.info\/news\/?p=36620"},"modified":"2025-01-20T01:06:48","modified_gmt":"2025-01-20T00:06:48","slug":"candidature-du-president-alassane-ouattara-a-lelection-presidentielle-de-2024-fieni-koffi-kevin-cela-revient-a-lui-seul-et-a-son-parti-den-juger-la-pertinence","status":"publish","type":"post","link":"https:\/\/www.lintelligentdabidjan.info\/news\/candidature-du-president-alassane-ouattara-a-lelection-presidentielle-de-2024-fieni-koffi-kevin-cela-revient-a-lui-seul-et-a-son-parti-den-juger-la-pertinence\/","title":{"rendered":"Candidature du Pr\u00e9sident Alassane Ouattara \u00e0 l&#8217;\u00e9lection pr\u00e9sidentielle de 2024-Fi\u00e9ni Koffi Kevin :   \u00abCela revient \u00e0 lui seul et \u00e0 son parti d\u2019en juger la pertinence\u00bb"},"content":{"rendered":"<p><em><strong>Le pr\u00e9sident du parti politique Pro C\u00f4te d\u2019Ivoire pour la D\u00e9mocratie, la Prosp\u00e9rit\u00e9 et la Souverainet\u00e9 (Proci-Dps), Fi\u00e9ni Koffi Kevin s\u2019est entretenu avec la presse nationale et internationale, le samedi 18 janvier au si\u00e8ge de son parti \u00e0 Abidjan-Cocody-Angr\u00e9.<\/strong><\/em><\/p>\n<p>Cette rencontre avec la presse a \u00e9t\u00e9 l\u2019occasion pour Fi\u00e9ni Koffi Kevin, pr\u00e9sident du parti politique Pro C\u00f4te d\u2019Ivoire pour la D\u00e9mocratie, la Prosp\u00e9rit\u00e9 et la Souverainet\u00e9 (Proci-Dps) de partager son point de vue sur la candidature du Pr\u00e9sident Alassane Ouattara \u00e0 l\u2019\u00e9lection pr\u00e9sidentielle d\u2019octobre 2025. \u00c0 ce sujet, il a affirm\u00e9 que cette d\u00e9cision d&#8217;une probable candidature \u00e0 l\u2019\u00e9lection pr\u00e9sidentielle ne concerne que le pr\u00e9sident Alassane Ouattara et son parti le Rhdp. \u00ab Ce n&#8217;est pas \u00e0 moi de me prononcer sur la candidature du Pr\u00e9sident Alassane. Cela revient \u00e0 lui seul et \u00e0 son parti d\u2019en juger la pertinence si c\u2019est avantageux ou pas. Ce que je peux dire, c\u2019est que la C\u00f4te d&#8217;Ivoire a besoin cette fois-ci d&#8217;une R\u00e9publique f\u00e9d\u00e9rale et d&#8217;un pr\u00e9sident f\u00e9d\u00e9ral. Si le pr\u00e9sident veut \u00eatre candidat, c&#8217;est sa d\u00e9cision \u00e0 lui et \u00e0 son parti. S\u2019ils estiment que c&#8217;est avantageux, c&#8217;est \u00e0 eux d&#8217;en juger. Ce n&#8217;est pas notre r\u00f4le \u00bb, a-t-il d\u00e9clar\u00e9 tout en affirmant qu&#8217;il est pr\u00e9occup\u00e9 \u00e0 implanter son parti Pro C\u00f4te d&#8217;Ivoire, \u00e0 valoriser son programme de soci\u00e9t\u00e9, sa tourn\u00e9e politique plut\u00f4t que  d\u2019 analyser la candidature interne d&#8217;un parti politique.<\/p>\n<p><strong>Inscription de Laurent Gbagbo, Charles Bl\u00e9 Goud\u00e9 sur la liste \u00e9lectorale et le retour des exil\u00e9s <\/strong><\/p>\n<p>\u00c0 ce sujet, Fi\u00e9ni Koffi Kevin a invit\u00e9 le parti au pouvoir Rhdp et l\u2019opposition \u00e0 mettre de l\u2019eau dans leur vin. Pour lui, chaque camp doit encore faire des sacrifices pour la bonne marche de la nation. \u00ab Il est important pour la C\u00f4te d&#8217;Ivoire, pour la qui\u00e9tude de tout le monde que le nom du Pr\u00e9sident Laurent Gbagbo, le nom du pr\u00e9sident Charles Bl\u00e9 Goud\u00e9 et tout autre personne politique bien connue soient sur la liste \u00e9lectorale. Les enjeux sont tellement \u00e9normes que si on doit prendre le temps pour savoir qui a son nom et qui n\u2019a pas son sur la liste \u00e9lectorale, cela nous infantilise et infantilise m\u00eame la C\u00f4te d&#8217;Ivoire \u00bb, a-t-il soulign\u00e9. Par ailleurs, il a confi\u00e9 que son parti a d\u00e9p\u00each\u00e9 une d\u00e9l\u00e9gation \u00e0  la m\u00e9diature pour proposer que cette institution agisse encore  plus fortement, plus efficacement de sorte \u00e0 ce que le pr\u00e9sident Gbagbo, Charles Bl\u00e9  Goud\u00e9 et Guillaume Soro aient leur nom sur la liste \u00e9lectorale et que ceux qui sont en exil aussi rentrent au pays. \u00abIl faut mettre la C\u00f4te d&#8217;Ivoire au devant. Nous en appelons \u00e0 d&#8217;autres efforts venant du pr\u00e9sident Alassane Ouattara. Nous le supplions qu&#8217;il se surpasse, qu&#8217;il fasse en sorte que leurs noms politiquement soient sur la liste \u00e9lectorale. Le probl\u00e8me, c\u2019est dans nos comportements, dans nos langages. Nous avons un pr\u00e9sident, nous sommes l&#8217;opposition tant bien que nous sommes en droit mais si tu n&#8217;as pas la bonne mani\u00e8re de le dire tout de suite, tu fouettes l&#8217;orgueil de l&#8217;autre. L\u2019autre camp que nous composons qui est l&#8217;opposition, en r\u00e9clamant ce qui nous revient de droit, il faut<\/p>\n<p> que nous ayons les mots justes pour encourager l&#8217;autre \u00e0 se plier.Donc que leurs noms soient sur la liste \u00e9lectorale  pour qu&#8217;on puisse aller comp\u00e9tir sainement pour le bonheur de la C\u00f4te d&#8217;Ivoire. Ce n\u2019est pas impossible au pr\u00e9sident Alassane de faire cela et moi je sais qu&#8217;il le fera \u00bb, a dit Monsieur Fi\u00e9ni.<\/p>\n<p><strong>Sa vision sur le taux de ch\u00f4mage <\/strong><\/p>\n<p>Fi\u00e9ni Koffi Kevin a soutenu un des ministres actuels du gouvernement qui a d\u00e9clar\u00e9 que le taux de ch\u00f4mage en C\u00f4te d&#8217;Ivoire est 2%. Allant sur la base de d\u00e9finition du terme, il a expliqu\u00e9 que le ch\u00f4meur n&#8217;a aucune activit\u00e9 g\u00e9n\u00e9ratrice de revenus et il n\u2019a pas de revenus autrement dit, il n\u2019a pas encore eu son premier emploi officiel. \u00ab Le ch\u00f4mage en C\u00f4te d&#8217;Ivoire, ce n\u2019est pas ce que vous croyez. J\u2019entends 70%, 80%. Ce que les gens devraient dire, c&#8217;est plut\u00f4t ce que nous faisons n\u2019arrive pas \u00e0 couvrir nos d\u00e9penses, ou bien ce que j\u2019entretiens n&#8217;est pas rentable ou le pouvoir d&#8217;achat nous \u00e9touffe\u00bb, a-t-il recadr\u00e9.<\/p>\n<p><strong>Olivier Dion avec A. Traor\u00e9<\/strong><\/p>\n","protected":false},"excerpt":{"rendered":"<p>Le pr\u00e9sident du parti politique Pro C\u00f4te d\u2019Ivoire pour la D\u00e9mocratie, la Prosp\u00e9rit\u00e9 et la Souverainet\u00e9 (Proci-Dps), Fi\u00e9ni Koffi Kevin s\u2019est entretenu avec la presse nationale et internationale, le samedi 18 janvier au si\u00e8ge de son parti \u00e0 Abidjan-Cocody-Angr\u00e9. Cette rencontre avec la presse a \u00e9t\u00e9 l\u2019occasion pour Fi\u00e9ni Koffi Kevin, pr\u00e9sident du parti politique [&hellip;]<\/p>\n","protected":false},"author":4,"featured_media":36621,"comment_status":"closed","ping_status":"closed","sticky":false,"template":"","format":"standard","meta":{"_monsterinsights_skip_tracking":false,"_monsterinsights_sitenote_active":false,"_monsterinsights_sitenote_note":"","_monsterinsights_sitenote_category":0,"footnotes":""},"categories":[2,17],"tags":[2073,636,4538,4153,4537],"class_list":["post-36620","post","type-post","status-publish","format-standard","has-post-thumbnail","hentry","category-featured","category-politique","tag-candidature","tag-election","tag-fieni-koffi-kevin","tag-president-alassane-ouattara","tag-presidentielle-de-2024"],"_links":{"self":[{"href":"https:\/\/www.lintelligentdabidjan.info\/news\/wp-json\/wp\/v2\/posts\/36620","targetHints":{"allow":["GET"]}}],"collection":[{"href":"https:\/\/www.lintelligentdabidjan.info\/news\/wp-json\/wp\/v2\/posts"}],"about":[{"href":"https:\/\/www.lintelligentdabidjan.info\/news\/wp-json\/wp\/v2\/types\/post"}],"author":[{"embeddable":true,"href":"https:\/\/www.lintelligentdabidjan.info\/news\/wp-json\/wp\/v2\/users\/4"}],"replies":[{"embeddable":true,"href":"https:\/\/www.lintelligentdabidjan.info\/news\/wp-json\/wp\/v2\/comments?post=36620"}],"version-history":[{"count":1,"href":"https:\/\/www.lintelligentdabidjan.info\/news\/wp-json\/wp\/v2\/posts\/36620\/revisions"}],"predecessor-version":[{"id":36622,"href":"https:\/\/www.lintelligentdabidjan.info\/news\/wp-json\/wp\/v2\/posts\/36620\/revisions\/36622"}],"wp:featuredmedia":[{"embeddable":true,"href":"https:\/\/www.lintelligentdabidjan.info\/news\/wp-json\/wp\/v2\/media\/36621"}],"wp:attachment":[{"href":"https:\/\/www.lintelligentdabidjan.info\/news\/wp-json\/wp\/v2\/media?parent=36620"}],"wp:term":[{"taxonomy":"category","embeddable":true,"href":"https:\/\/www.lintelligentdabidjan.info\/news\/wp-json\/wp\/v2\/categories?post=36620"},{"taxonomy":"post_tag","embeddable":true,"href":"https:\/\/www.lintelligentdabidjan.info\/news\/wp-json\/wp\/v2\/tags?post=36620"}],"curies":[{"name":"wp","href":"https:\/\/api.w.org\/{rel}","templated":true}]}}