{"id":36626,"date":"2025-01-20T01:13:03","date_gmt":"2025-01-20T00:13:03","guid":{"rendered":"https:\/\/www.lintelligentdabidjan.info\/news\/?p=36626"},"modified":"2025-01-20T01:13:08","modified_gmt":"2025-01-20T00:13:08","slug":"mobilisation-pour-la-candidature-de-ouattara-en-2025-ce-que-preparent-siandou-fofana-et-lindenie-djuablin","status":"publish","type":"post","link":"https:\/\/www.lintelligentdabidjan.info\/news\/mobilisation-pour-la-candidature-de-ouattara-en-2025-ce-que-preparent-siandou-fofana-et-lindenie-djuablin\/","title":{"rendered":"Mobilisation  pour la candidature de Ouattara en 2025-  Ce que pr\u00e9parent Siandou Fofana et  l\u2019Ind\u00e9ni\u00e9-Djuablin"},"content":{"rendered":"<p><em><strong>Coordonnateur r\u00e9gional principal du Rassemblement des Houphou\u00e9tistes pour la D\u00e9mocratie et la Paix (RHDP), le Ministre du Tourisme et des Loisirs, Siandou Fofana, a tenu une r\u00e9union strat\u00e9gique le jeudi 16 janvier 2025 , en pr\u00e9paration des prochaines \u00e9ch\u00e9ances \u00e9lectorales. Sous le leitmotiv \u201cMobilisation active pour une victoire du RHDP dans l\u2019Ind\u00e9ni\u00e9-Djuablin et la candidature du Pr\u00e9sident Alassane Ouattara\u201d, la Coordination du parti pr\u00e9sidentiel dans l\u2019Est du pays pr\u00e9voit une action de (re) mobilisation d\u2019envergure le 1er f\u00e9vrier \u00e0 Abengourou, capitale de la r\u00e9gion, suivie d\u2019investissements \u00e0 Betti\u00e9 le 8 f\u00e9vrier, et d\u2019une cl\u00f4ture \u00e0 Agnibil\u00e9krou le 15 f\u00e9vrier.<\/strong><\/em><\/p>\n<p>Selon Siandou Fofana, cette tourn\u00e9e dans les trois d\u00e9partements de l\u2019Ind\u00e9ni\u00e9-Djuablin marquera le point de d\u00e9part d\u2019une vaste op\u00e9ration de mobilisation dans les campements, hameaux, villages et localit\u00e9s, visant \u00e0 obtenir l\u2019assentiment quasi-unanime des populations pour la candidature du Pr\u00e9sident Alassane Ouattara \u00e0 la pr\u00e9sidentielle d\u2019octobre prochain. Cette initiative rend \u00e9galement hommage aux actions de d\u00e9veloppement de la r\u00e9gion sous sa gouvernance, ainsi qu\u2019\u00e0 l\u2019essor du pays et \u00e0 la paix retrouv\u00e9e depuis son accession \u00e0 la pr\u00e9sidence de la C\u00f4te d\u2019Ivoire.<\/p>\n<p>Cette mobilisation se fera en union sacr\u00e9e avec les cadres de la r\u00e9gion du RHDP, incluant les Coordonnateurs principaux adjoints et associ\u00e9s, ainsi que les Ministres L\u00e9on Houadja Kacou Adom, Nguessan Koffi, Roger Adom, et le Pr\u00e9sident du Conseil r\u00e9gional Waoudja Essay, sous l\u2019\u00e9gide du Ministre Gouverneur Pascal Abinan Kouakou, &#8220;Coordonnateur d&#8217;honneur et Pr\u00e9sident du Comit\u00e9 des sages&#8221;. Pour assurer le succ\u00e8s de cette action de maillage du terrain, le RHDP de l\u2019Ind\u00e9ni\u00e9-Djuablin a \u00e9labor\u00e9 une m\u00e9thodologie d\u2019action align\u00e9e sur l\u2019agenda pr\u00e9sidentiel, visant \u00e0 maintenir la flamme d\u2019un pl\u00e9biscite pour garantir non seulement la candidature du Pr\u00e9sident Ouattara, mais aussi son triomphe \u00ab sans coup f\u00e9rir \u00bb \u00e0 la pr\u00e9sidentielle.<\/p>\n<p>Cette d\u00e9marche repose sur la formation continue des militants de base et des responsables du parti, ainsi que sur une sensibilisation constante des populations. Des tourn\u00e9es et rencontres de proximit\u00e9 seront organis\u00e9es pour expliciter, si besoin est, les acquis de la gouvernance du Pr\u00e9sident Alassane Ouattara et pour sonder les aspirations des citoyens.<\/p>\n<p>Dix commissions op\u00e9rationnelles, allant de la Mobilisation \u00e0 la Sant\u00e9, en passant par la Communication, la Propagande, les Finances et la Logistique, ont \u00e9t\u00e9 constitu\u00e9es pour garantir une organisation optimale des actions sur le terrain de la Coordination.<\/p>\n<p><strong>Mamadou Ouattara avec C\u00e9cile Mobio <\/strong><\/p>\n","protected":false},"excerpt":{"rendered":"<p>Coordonnateur r\u00e9gional principal du Rassemblement des Houphou\u00e9tistes pour la D\u00e9mocratie et la Paix (RHDP), le Ministre du Tourisme et des Loisirs, Siandou Fofana, a tenu une r\u00e9union strat\u00e9gique le jeudi 16 janvier 2025 , en pr\u00e9paration des prochaines \u00e9ch\u00e9ances \u00e9lectorales. Sous le leitmotiv \u201cMobilisation active pour une victoire du RHDP dans l\u2019Ind\u00e9ni\u00e9-Djuablin et la candidature [&hellip;]<\/p>\n","protected":false},"author":4,"featured_media":36627,"comment_status":"closed","ping_status":"closed","sticky":false,"template":"","format":"standard","meta":{"_monsterinsights_skip_tracking":false,"_monsterinsights_sitenote_active":false,"_monsterinsights_sitenote_note":"","_monsterinsights_sitenote_category":0,"footnotes":""},"categories":[2,17],"tags":[],"class_list":["post-36626","post","type-post","status-publish","format-standard","has-post-thumbnail","hentry","category-featured","category-politique"],"_links":{"self":[{"href":"https:\/\/www.lintelligentdabidjan.info\/news\/wp-json\/wp\/v2\/posts\/36626","targetHints":{"allow":["GET"]}}],"collection":[{"href":"https:\/\/www.lintelligentdabidjan.info\/news\/wp-json\/wp\/v2\/posts"}],"about":[{"href":"https:\/\/www.lintelligentdabidjan.info\/news\/wp-json\/wp\/v2\/types\/post"}],"author":[{"embeddable":true,"href":"https:\/\/www.lintelligentdabidjan.info\/news\/wp-json\/wp\/v2\/users\/4"}],"replies":[{"embeddable":true,"href":"https:\/\/www.lintelligentdabidjan.info\/news\/wp-json\/wp\/v2\/comments?post=36626"}],"version-history":[{"count":1,"href":"https:\/\/www.lintelligentdabidjan.info\/news\/wp-json\/wp\/v2\/posts\/36626\/revisions"}],"predecessor-version":[{"id":36628,"href":"https:\/\/www.lintelligentdabidjan.info\/news\/wp-json\/wp\/v2\/posts\/36626\/revisions\/36628"}],"wp:featuredmedia":[{"embeddable":true,"href":"https:\/\/www.lintelligentdabidjan.info\/news\/wp-json\/wp\/v2\/media\/36627"}],"wp:attachment":[{"href":"https:\/\/www.lintelligentdabidjan.info\/news\/wp-json\/wp\/v2\/media?parent=36626"}],"wp:term":[{"taxonomy":"category","embeddable":true,"href":"https:\/\/www.lintelligentdabidjan.info\/news\/wp-json\/wp\/v2\/categories?post=36626"},{"taxonomy":"post_tag","embeddable":true,"href":"https:\/\/www.lintelligentdabidjan.info\/news\/wp-json\/wp\/v2\/tags?post=36626"}],"curies":[{"name":"wp","href":"https:\/\/api.w.org\/{rel}","templated":true}]}}