{"id":36642,"date":"2025-01-21T01:40:25","date_gmt":"2025-01-21T00:40:25","guid":{"rendered":"https:\/\/www.lintelligentdabidjan.info\/news\/?p=36642"},"modified":"2025-01-21T06:24:21","modified_gmt":"2025-01-21T05:24:21","slug":"incendie-a-danzerville-vavoua-le-prefet-rassure-les-populations-et-leur-prodigue-des-conseils","status":"publish","type":"post","link":"https:\/\/www.lintelligentdabidjan.info\/news\/incendie-a-danzerville-vavoua-le-prefet-rassure-les-populations-et-leur-prodigue-des-conseils\/","title":{"rendered":"Incendie \u00e0 Danzerville (Vavoua)-Le pr\u00e9fet rassure les populations et leur prodigue  des conseils"},"content":{"rendered":"<p><em><strong>Un incendie d\u00e9vastateur a ravag\u00e9 le village de Danzerville, situ\u00e9 dans la sous-pr\u00e9fecture de Vavoua, le dimanche 19 janvier 2025. <\/strong><\/em><\/p>\n<p>Entre 13 h et 14 h, 26 maisons ont \u00e9t\u00e9 r\u00e9duites en cendres, laissant plus d\u2019une centaine de personnes sans abri. Heureusement, aucune perte humaine n\u2019a \u00e9t\u00e9 enregistr\u00e9e.<\/p>\n<p>Le lendemain du drame, Tanrah Doh Jacob, pr\u00e9fet du d\u00e9partement de Vavoua, s\u2019est rendu sur les lieux pour exprimer le soutien de l\u2019\u00c9tat aux sinistr\u00e9s. \u00ab Le gouvernement est \u00e0 vos c\u00f4t\u00e9s \u00bb, a-t-il d\u00e9clar\u00e9 aux habitants, tout en soulignant que des mesures concr\u00e8tes sont en cours pour les accompagner.<\/p>\n<p>Le pr\u00e9fet a indiqu\u00e9 que des \u00e9quipes de la direction r\u00e9gionale de la solidarit\u00e9 ont \u00e9t\u00e9 d\u00e9ploy\u00e9es pour recenser les victimes et \u00e9valuer les d\u00e9g\u00e2ts. \u00ab Ces donn\u00e9es permettront aux autorit\u00e9s comp\u00e9tentes de fournir une aide efficace \u00e0 toutes les personnes touch\u00e9es \u00bb, a-t-il pr\u00e9cis\u00e9. Profitant de sa visite, le pr\u00e9fet a sensibilis\u00e9 les habitants sur les dangers li\u00e9s aux installations \u00e9lectriques pr\u00e9caires et \u00e0 l\u2019utilisation du feu. \u00ab Les habitations en bois augmentent consid\u00e9rablement les risques d\u2019incendie. Je vous invite \u00e0 envisager des constructions en mat\u00e9riaux durables pour prot\u00e9ger vos familles \u00bb, a-t-il recommand\u00e9.<\/p>\n<p>Il a \u00e9galement encourag\u00e9 les populations \u00e0 investir dans des logements plus s\u00fbrs, en profitant de l\u2019embellie r\u00e9cente du prix du cacao, et \u00e0 \u00e9viter les branchements \u00e9lectriques anarchiques, souvent \u00e0 l\u2019origine de tels sinistres.<\/p>\n<p>Lors de cette visite, Ou\u00e9l\u00e9 Dodo, chef du village de Danzerville, a lanc\u00e9 un appel urgent au gouvernement pour r\u00e9soudre le probl\u00e8me r\u00e9current d\u2019acc\u00e8s \u00e0 l\u2019eau. \u00ab Si nous avions suffisamment d\u2019eau, l\u2019incendie aurait pu \u00eatre ma\u00eetris\u00e9 rapidement, limitant ainsi les d\u00e9g\u00e2ts \u00bb, a-t-il affirm\u00e9.<\/p>\n<p>Le chef a \u00e9galement soulign\u00e9 les conditions de vie pr\u00e9caires des habitants, marqu\u00e9es par des trajets quotidiens pour puiser de l\u2019eau insalubre. \u00ab Cette situation est intenable et met en p\u00e9ril notre quotidien \u00bb, a-t-il conclu.<\/p>\n<p>Pr\u00e9sident des jeunes de Danzerville, Kon\u00e9 Tiabaga a relat\u00e9 les efforts d\u00e9ploy\u00e9s par la jeunesse pour combattre l\u2019incendie. \u00ab D\u00e8s que le feu s\u2019est d\u00e9clar\u00e9, nous avons tout fait pour l\u2019\u00e9teindre avec des seaux et des bidons. Mais le manque d\u2019eau a limit\u00e9 nos actions \u00bb, a-t-il d\u00e9plor\u00e9.<\/p>\n<p>Il a d\u00e9nonc\u00e9 l\u2019insuffisance des infrastructures hydrauliques, pr\u00e9cisant que le village dispose d\u2019un unique forage de 3 000 litres. \u00ab Cela nous oblige \u00e0 puiser de l\u2019eau dans les marigots, aggravant nos conditions de vie. Nous demandons au gouvernement d\u2019agir pour r\u00e9soudre ce probl\u00e8me  \u00bb, a-t-il insist\u00e9.<\/p>\n<p>Cr\u00e9\u00e9 en 1966 pour accueillir les ouvriers de la scierie SIFCI, Danzerville vit aujourd\u2019hui dans une grande pr\u00e9carit\u00e9 depuis la fermeture de l\u2019usine en 2020.<\/p>\n<p>Les habitants, majoritairement d\u2019anciens employ\u00e9s, vivent dans des logements en bois, ce qui les rend particuli\u00e8rement vuln\u00e9rables aux incendies.<\/p>\n<p>Gr\u00e2ce \u00e0 l\u2019intervention rapide des pompiers de Daloa, alert\u00e9s par le sous-pr\u00e9fet Dobeblahi F\u00e9lix, la propagation de l\u2019incendie a \u00e9t\u00e9 limit\u00e9e. Cependant, les maisons d\u00e9j\u00e0 touch\u00e9es ont \u00e9t\u00e9 enti\u00e8rement d\u00e9truites.<\/p>\n<p>Face \u00e0 cette trag\u00e9die, les habitants de Danzerville appellent \u00e0 une mobilisation accrue des autorit\u00e9s pour am\u00e9liorer leurs conditions de vie et pr\u00e9venir de futurs drames.<\/p>\n<p><strong>Beker Yao<\/strong><\/p>\n","protected":false},"excerpt":{"rendered":"<p>Un incendie d\u00e9vastateur a ravag\u00e9 le village de Danzerville, situ\u00e9 dans la sous-pr\u00e9fecture de Vavoua, le dimanche 19 janvier 2025. Entre 13 h et 14 h, 26 maisons ont \u00e9t\u00e9 r\u00e9duites en cendres, laissant plus d\u2019une centaine de personnes sans abri. Heureusement, aucune perte humaine n\u2019a \u00e9t\u00e9 enregistr\u00e9e. Le lendemain du drame, Tanrah Doh Jacob, [&hellip;]<\/p>\n","protected":false},"author":4,"featured_media":36671,"comment_status":"closed","ping_status":"closed","sticky":false,"template":"","format":"standard","meta":{"_monsterinsights_skip_tracking":false,"_monsterinsights_sitenote_active":false,"_monsterinsights_sitenote_note":"","_monsterinsights_sitenote_category":0,"footnotes":""},"categories":[2,3],"tags":[1578,4541,1971,1512,541,1440],"class_list":["post-36642","post","type-post","status-publish","format-standard","has-post-thumbnail","hentry","category-featured","category-societe","tag-conseils","tag-danzerville","tag-incendie","tag-populations","tag-prefet","tag-vavoua"],"_links":{"self":[{"href":"https:\/\/www.lintelligentdabidjan.info\/news\/wp-json\/wp\/v2\/posts\/36642","targetHints":{"allow":["GET"]}}],"collection":[{"href":"https:\/\/www.lintelligentdabidjan.info\/news\/wp-json\/wp\/v2\/posts"}],"about":[{"href":"https:\/\/www.lintelligentdabidjan.info\/news\/wp-json\/wp\/v2\/types\/post"}],"author":[{"embeddable":true,"href":"https:\/\/www.lintelligentdabidjan.info\/news\/wp-json\/wp\/v2\/users\/4"}],"replies":[{"embeddable":true,"href":"https:\/\/www.lintelligentdabidjan.info\/news\/wp-json\/wp\/v2\/comments?post=36642"}],"version-history":[{"count":3,"href":"https:\/\/www.lintelligentdabidjan.info\/news\/wp-json\/wp\/v2\/posts\/36642\/revisions"}],"predecessor-version":[{"id":36672,"href":"https:\/\/www.lintelligentdabidjan.info\/news\/wp-json\/wp\/v2\/posts\/36642\/revisions\/36672"}],"wp:featuredmedia":[{"embeddable":true,"href":"https:\/\/www.lintelligentdabidjan.info\/news\/wp-json\/wp\/v2\/media\/36671"}],"wp:attachment":[{"href":"https:\/\/www.lintelligentdabidjan.info\/news\/wp-json\/wp\/v2\/media?parent=36642"}],"wp:term":[{"taxonomy":"category","embeddable":true,"href":"https:\/\/www.lintelligentdabidjan.info\/news\/wp-json\/wp\/v2\/categories?post=36642"},{"taxonomy":"post_tag","embeddable":true,"href":"https:\/\/www.lintelligentdabidjan.info\/news\/wp-json\/wp\/v2\/tags?post=36642"}],"curies":[{"name":"wp","href":"https:\/\/api.w.org\/{rel}","templated":true}]}}